{"id":4753,"date":"2026-09-03T16:01:01","date_gmt":"2026-09-03T14:01:01","guid":{"rendered":"https:\/\/martenjaanphotography.com\/?p=4753"},"modified":"2026-09-03T16:08:01","modified_gmt":"2026-09-03T14:08:01","slug":"miks-kaamera-kartmine-on-normaalne-ja-kuidas-pildistamist-pariselt-nautida-fotosessioon-kui-elamus","status":"publish","type":"post","link":"https:\/\/martenjaanphotography.com\/en\/miks-kaamera-kartmine-on-normaalne-ja-kuidas-pildistamist-pariselt-nautida-fotosessioon-kui-elamus\/","title":{"rendered":"Miks kaamera kartmine on normaalne ja kuidas pildistamist p\u00e4riselt nautida? Fotosessioon kui elamus"},"content":{"rendered":"<p class=\"wp-block-paragraph\">Kui k\u00fcsin inimestelt enne pildistamist, mida nad k\u00f5ige rohkem kardavad, on vastus peaaegu eranditult sama: <em>\u201eMa ei ole \u00fcldse fotogeeniline\u201c<\/em>, <em>\u201eMa ei oska kuidagi seista\u201c<\/em> v\u00f5i <em>\u201eMul tekib kaamera ees kohe kramp.\u201c<\/em><\/p>\n\n\n\n<p class=\"wp-block-paragraph\">Need m\u00f5tted on t\u00e4iesti inimlikud. Kuid reaalsus on see, et sa ei peagi olema \u00f5ppinud modell, et fotosessiooni nautida ja ilusaid pilte endast saada.<\/p>\n\n\n\n<p class=\"wp-block-paragraph\">Hea fotosessioon ei v\u00f5rdu j\u00e4iga poseerimisega, vaid eelk\u00f5ige peaks see olema m\u00f5nus elamus ja kvaliteetaeg. Fotograaf ei anna sulle hinnanguid ega m\u00f5ista sind hukka, vaid vastupidiselt, fotograafi roll on luua turvaline keskkond, kus saad olla 100% sina ise.<\/p>\n\n\n\n<h2 class=\"wp-block-heading\" style=\"font-size:clamp(16.834px, 1.052rem + ((1vw - 3.2px) * 0.955), 26px);\"><strong>Sinu ainus \u00fclesanne on kohale tulla<\/strong><\/h2>\n\n\n\n<p class=\"wp-block-paragraph\">Kogu \u00fclej\u00e4\u00e4nud protsess ja meeleolu hoidmine on fotograafi vastutus. Sa ei pea muretsema pooside ega &#8220;\u00f5igete&#8221; nurkade p\u00e4rast.<\/p>\n\n\n\n<p class=\"wp-block-paragraph\"><strong>Kuidas krambivaba pildistamine praktikas v\u00e4lja n\u00e4eb?<\/strong><\/p>\n\n\n\n<ul class=\"wp-block-list\">\n<li>Fookus on liikumisel, ehedal emotsioonil ja vabal suhtlusel. M\u00f5tle sellest, nagu p\u00f5nevast vestlusest, mille tulemusel s\u00fcnnivad loomulikud kaadrid.<\/li>\n\n\n\n<li>Suunan ja juhendan sind pidevalt: kuhu vaadata, mida k\u00e4tega teha ja isegi, millele m\u00f5elda (sest just siis on v\u00f5imalik tabada siirast pilku v\u00f5i n\u00e4oilmet!). Ebamugavat vaikust ega segadust ei teki kordagi.<\/li>\n\n\n\n<li>Esimesed viis minutit v\u00f5ivadki olla veidi harjumatud, kuid pinge hajub kiiresti, kui pildistamisest saab m\u00f5nus jalutusk\u00e4ik ja vestlus.<\/li>\n<\/ul>\n\n\n\n<h2 class=\"wp-block-heading\" style=\"font-size:clamp(16.834px, 1.052rem + ((1vw - 3.2px) * 0.955), 26px);\"><strong>Mida \u00fcks fotosessioon sulle tegelikult annab?<\/strong><\/h2>\n\n\n\n<p class=\"wp-block-paragraph\">Foto on k\u00f5igest l\u00f5pptulemus, mis j\u00e4\u00e4b seda p\u00e4eva meenutama, kuid suurim v\u00e4\u00e4rtus peitub selles, mida sa selle protsessi jooksul koged.<\/p>\n\n\n\n<ol class=\"wp-block-list\">\n<li><strong> Enesekindluse t\u00f5us ja uus vaatenurk iseendale<\/strong><br>Oleme harjunud vaatama end peeglist kriitiliselt v\u00f5i tegema telefoniga ikka ja j\u00e4lle t\u00e4pselt sama &#8220;turvalist&#8221; naeratust. Professionaalne pildistamine aitab sul end n\u00e4ha k\u00fclgedest, mida sa varem pole t\u00e4hele pannud. See on ootamatu enesekindluse kasvataja, kui avastad, kui ehe ja karismaatiline sa tegelikult oled.<\/li>\n\n\n\n<li><strong>Kvaliteetaeg ja m\u00e4lestused l\u00e4hedastega<\/strong><br>Paari- v\u00f5i pere pildistamine ei tohiks olla kohustuslik \u201dlinnukese kirjasaamine\u201d ja kiirelt asja \u00e4rategemine, vaid kvaliteetaeg \u00fcksteise jaoks. See on v\u00f5imalus astuda korraks eemale igap\u00e4evasest kiirustamisest, nautida, naerda ja lihtsalt koos olla. Pildid, mis sellest s\u00fcnnivad, on vahetud emotsioonikillud, mis j\u00e4\u00e4vad perealbumisse igaveseks.<\/li>\n\n\n\n<li><strong>Esindusfoto ja ametiportree, mis k\u00f5netab<\/strong><br>Kui vajad uusi pilte LinkedIni, kodulehe v\u00f5i turunduse tarbeks, ei pea need olema k\u00fclmad ega tuimad passipildid. T\u00e4nap\u00e4eva \u00e4rimaailm hindab inimlikkust ja autentsust. Vabas \u00f5hkkonnas tehtud esindusfoto n\u00e4itab sinu ekspertiisi ning t\u00f5stab kliendi silmis sinu usaldusv\u00e4\u00e4rsust.<\/li>\n<\/ol>\n\n\n\n<h2 class=\"wp-block-heading\" style=\"font-size:clamp(16.834px, 1.052rem + ((1vw - 3.2px) * 0.955), 26px);\"><strong>Tule sellisena, nagu oled!<\/strong><\/h2>\n\n\n\n<p class=\"wp-block-paragraph\">Parimad kaadrid s\u00fcnnivad siis, kui unustad kaamera ja hakkad hetke nautima. Jah, fotosessioon sunnib sind tulema mugavustsoonist v\u00e4lja, aga kui see protsess on muudetud l\u00f5busaks ja pingevabaks, saab sellest hoopis meeldiv viis ajaveetmiseks!<\/p>\n\n\n\n<p class=\"wp-block-paragraph\">V\u00f5ta aeg maha, loome koos midagi ajatut ja teeme sellest \u00fchisest tunnist p\u00e4eva (v\u00f5i isegi n\u00e4dala v\u00f5i kuu) parima elamuse!<\/p>\n\n\n\n<div class=\"wp-block-buttons is-layout-flex wp-block-buttons-is-layout-flex\">\n<div class=\"wp-block-button\"><a class=\"wp-block-button__link wp-element-button\" href=\"https:\/\/martenjaanphotography.com\/en\/kontakt\/\">Book a session<\/a><\/div>\n<\/div>\n\n\n\n<figure class=\"wp-block-gallery has-nested-images columns-4 is-cropped wp-block-gallery-1 is-layout-flex wp-block-gallery-is-layout-flex\">\n<figure class=\"wp-block-image size-large\"><img loading=\"lazy\" decoding=\"async\" width=\"984\" height=\"1024\" data-id=\"4455\" src=\"https:\/\/martenjaanphotography.com\/wp-content\/uploads\/2026\/05\/139A9402-984x1024.jpg\" alt=\"\" class=\"wp-image-4455\" srcset=\"https:\/\/martenjaanphotography.com\/wp-content\/uploads\/2026\/05\/139A9402-984x1024.jpg 984w, https:\/\/martenjaanphotography.com\/wp-content\/uploads\/2026\/05\/139A9402-288x300.jpg 288w, https:\/\/martenjaanphotography.com\/wp-content\/uploads\/2026\/05\/139A9402-768x799.jpg 768w, https:\/\/martenjaanphotography.com\/wp-content\/uploads\/2026\/05\/139A9402-1476x1536.jpg 1476w, https:\/\/martenjaanphotography.com\/wp-content\/uploads\/2026\/05\/139A9402-1968x2048.jpg 1968w, https:\/\/martenjaanphotography.com\/wp-content\/uploads\/2026\/05\/139A9402-600x624.jpg 600w\" sizes=\"auto, (max-width: 984px) 100vw, 984px\" \/><\/figure>\n\n\n\n<figure class=\"wp-block-image size-large\"><img loading=\"lazy\" decoding=\"async\" width=\"921\" height=\"1024\" data-id=\"4450\" src=\"https:\/\/martenjaanphotography.com\/wp-content\/uploads\/2026\/05\/MJR57574-921x1024.jpg\" alt=\"\" class=\"wp-image-4450\" srcset=\"https:\/\/martenjaanphotography.com\/wp-content\/uploads\/2026\/05\/MJR57574-921x1024.jpg 921w, https:\/\/martenjaanphotography.com\/wp-content\/uploads\/2026\/05\/MJR57574-270x300.jpg 270w, https:\/\/martenjaanphotography.com\/wp-content\/uploads\/2026\/05\/MJR57574-768x854.jpg 768w, https:\/\/martenjaanphotography.com\/wp-content\/uploads\/2026\/05\/MJR57574-1381x1536.jpg 1381w, https:\/\/martenjaanphotography.com\/wp-content\/uploads\/2026\/05\/MJR57574-1841x2048.jpg 1841w, https:\/\/martenjaanphotography.com\/wp-content\/uploads\/2026\/05\/MJR57574-600x667.jpg 600w\" sizes=\"auto, (max-width: 921px) 100vw, 921px\" \/><\/figure>\n\n\n\n<figure class=\"wp-block-image size-large\"><img loading=\"lazy\" decoding=\"async\" width=\"961\" height=\"1024\" data-id=\"4443\" src=\"https:\/\/martenjaanphotography.com\/wp-content\/uploads\/2026\/05\/MJR58695-961x1024.jpg\" alt=\"\" class=\"wp-image-4443\" srcset=\"https:\/\/martenjaanphotography.com\/wp-content\/uploads\/2026\/05\/MJR58695-961x1024.jpg 961w, https:\/\/martenjaanphotography.com\/wp-content\/uploads\/2026\/05\/MJR58695-282x300.jpg 282w, https:\/\/martenjaanphotography.com\/wp-content\/uploads\/2026\/05\/MJR58695-768x818.jpg 768w, https:\/\/martenjaanphotography.com\/wp-content\/uploads\/2026\/05\/MJR58695-1442x1536.jpg 1442w, https:\/\/martenjaanphotography.com\/wp-content\/uploads\/2026\/05\/MJR58695-1922x2048.jpg 1922w, https:\/\/martenjaanphotography.com\/wp-content\/uploads\/2026\/05\/MJR58695-600x639.jpg 600w\" sizes=\"auto, (max-width: 961px) 100vw, 961px\" \/><\/figure>\n\n\n\n<figure class=\"wp-block-image size-large\"><img loading=\"lazy\" decoding=\"async\" width=\"764\" height=\"1024\" data-id=\"4387\" src=\"https:\/\/martenjaanphotography.com\/wp-content\/uploads\/2026\/03\/MJR54969-764x1024.jpg\" alt=\"\" class=\"wp-image-4387\" srcset=\"https:\/\/martenjaanphotography.com\/wp-content\/uploads\/2026\/03\/MJR54969-764x1024.jpg 764w, https:\/\/martenjaanphotography.com\/wp-content\/uploads\/2026\/03\/MJR54969-224x300.jpg 224w, https:\/\/martenjaanphotography.com\/wp-content\/uploads\/2026\/03\/MJR54969-768x1030.jpg 768w, https:\/\/martenjaanphotography.com\/wp-content\/uploads\/2026\/03\/MJR54969-1146x1536.jpg 1146w, https:\/\/martenjaanphotography.com\/wp-content\/uploads\/2026\/03\/MJR54969-1528x2048.jpg 1528w, https:\/\/martenjaanphotography.com\/wp-content\/uploads\/2026\/03\/MJR54969-600x804.jpg 600w, https:\/\/martenjaanphotography.com\/wp-content\/uploads\/2026\/03\/MJR54969-scaled.jpg 1910w\" sizes=\"auto, (max-width: 764px) 100vw, 764px\" \/><\/figure>\n\n\n\n<figure class=\"wp-block-image size-large\"><img loading=\"lazy\" decoding=\"async\" width=\"1024\" height=\"890\" data-id=\"3996\" src=\"https:\/\/martenjaanphotography.com\/wp-content\/uploads\/2025\/07\/MJR54202-1024x890.jpg\" alt=\"\" class=\"wp-image-3996\" srcset=\"https:\/\/martenjaanphotography.com\/wp-content\/uploads\/2025\/07\/MJR54202-1024x890.jpg 1024w, https:\/\/martenjaanphotography.com\/wp-content\/uploads\/2025\/07\/MJR54202-300x261.jpg 300w, https:\/\/martenjaanphotography.com\/wp-content\/uploads\/2025\/07\/MJR54202-768x667.jpg 768w, https:\/\/martenjaanphotography.com\/wp-content\/uploads\/2025\/07\/MJR54202-1536x1335.jpg 1536w, https:\/\/martenjaanphotography.com\/wp-content\/uploads\/2025\/07\/MJR54202-2048x1780.jpg 2048w, https:\/\/martenjaanphotography.com\/wp-content\/uploads\/2025\/07\/MJR54202-600x521.jpg 600w\" sizes=\"auto, (max-width: 1024px) 100vw, 1024px\" \/><\/figure>\n\n\n\n<figure class=\"wp-block-image size-large\"><img loading=\"lazy\" decoding=\"async\" width=\"683\" height=\"1024\" data-id=\"3811\" src=\"https:\/\/martenjaanphotography.com\/wp-content\/uploads\/2025\/04\/MJR50147-2-683x1024.jpg\" alt=\"\" class=\"wp-image-3811\" srcset=\"https:\/\/martenjaanphotography.com\/wp-content\/uploads\/2025\/04\/MJR50147-2-683x1024.jpg 683w, https:\/\/martenjaanphotography.com\/wp-content\/uploads\/2025\/04\/MJR50147-2-200x300.jpg 200w, https:\/\/martenjaanphotography.com\/wp-content\/uploads\/2025\/04\/MJR50147-2-768x1151.jpg 768w, https:\/\/martenjaanphotography.com\/wp-content\/uploads\/2025\/04\/MJR50147-2-1024x1536.jpg 1024w, https:\/\/martenjaanphotography.com\/wp-content\/uploads\/2025\/04\/MJR50147-2-1366x2048.jpg 1366w, https:\/\/martenjaanphotography.com\/wp-content\/uploads\/2025\/04\/MJR50147-2-600x900.jpg 600w, https:\/\/martenjaanphotography.com\/wp-content\/uploads\/2025\/04\/MJR50147-2-scaled.jpg 1707w\" sizes=\"auto, (max-width: 683px) 100vw, 683px\" \/><\/figure>\n\n\n\n<figure class=\"wp-block-image size-large\"><img loading=\"lazy\" decoding=\"async\" width=\"1024\" height=\"683\" data-id=\"3673\" src=\"https:\/\/martenjaanphotography.com\/wp-content\/uploads\/2025\/01\/MJR54052-1024x683.jpg\" alt=\"\" class=\"wp-image-3673\" srcset=\"https:\/\/martenjaanphotography.com\/wp-content\/uploads\/2025\/01\/MJR54052-1024x683.jpg 1024w, https:\/\/martenjaanphotography.com\/wp-content\/uploads\/2025\/01\/MJR54052-300x200.jpg 300w, https:\/\/martenjaanphotography.com\/wp-content\/uploads\/2025\/01\/MJR54052-768x512.jpg 768w, https:\/\/martenjaanphotography.com\/wp-content\/uploads\/2025\/01\/MJR54052-1536x1025.jpg 1536w, https:\/\/martenjaanphotography.com\/wp-content\/uploads\/2025\/01\/MJR54052-2048x1366.jpg 2048w, https:\/\/martenjaanphotography.com\/wp-content\/uploads\/2025\/01\/MJR54052-600x400.jpg 600w\" sizes=\"auto, (max-width: 1024px) 100vw, 1024px\" \/><\/figure>\n\n\n\n<figure class=\"wp-block-image size-large\"><img loading=\"lazy\" decoding=\"async\" width=\"1024\" height=\"958\" data-id=\"4571\" src=\"https:\/\/martenjaanphotography.com\/wp-content\/uploads\/2026\/07\/Liina_Rain_Pulm_MartenJaanPhotography-56447-1024x958.jpg\" alt=\"\" class=\"wp-image-4571\" srcset=\"https:\/\/martenjaanphotography.com\/wp-content\/uploads\/2026\/07\/Liina_Rain_Pulm_MartenJaanPhotography-56447-1024x958.jpg 1024w, https:\/\/martenjaanphotography.com\/wp-content\/uploads\/2026\/07\/Liina_Rain_Pulm_MartenJaanPhotography-56447-300x281.jpg 300w, https:\/\/martenjaanphotography.com\/wp-content\/uploads\/2026\/07\/Liina_Rain_Pulm_MartenJaanPhotography-56447-768x718.jpg 768w, https:\/\/martenjaanphotography.com\/wp-content\/uploads\/2026\/07\/Liina_Rain_Pulm_MartenJaanPhotography-56447-1536x1437.jpg 1536w, https:\/\/martenjaanphotography.com\/wp-content\/uploads\/2026\/07\/Liina_Rain_Pulm_MartenJaanPhotography-56447-2048x1916.jpg 2048w, https:\/\/martenjaanphotography.com\/wp-content\/uploads\/2026\/07\/Liina_Rain_Pulm_MartenJaanPhotography-56447-600x561.jpg 600w\" sizes=\"auto, (max-width: 1024px) 100vw, 1024px\" \/><\/figure>\n<\/figure>","protected":false},"excerpt":{"rendered":"<p>Kui k\u00fcsin inimestelt enne pildistamist, mida nad k\u00f5ige rohkem kardavad, on vastus peaaegu eranditult sama: \u201eMa ei ole \u00fcldse fotogeeniline\u201c, \u201eMa ei oska kuidagi seista\u201c v\u00f5i \u201eMul tekib kaamera ees kohe kramp.\u201c Need m\u00f5tted on t\u00e4iesti inimlikud. Kuid reaalsus on see, et sa ei peagi olema \u00f5ppinud modell, et fotosessiooni nautida ja ilusaid pilte endast [&hellip;]<\/p>\n","protected":false},"author":1,"featured_media":4754,"comment_status":"closed","ping_status":"open","sticky":false,"template":"","format":"standard","meta":{"footnotes":""},"categories":[6],"tags":[],"class_list":["post-4753","post","type-post","status-publish","format-standard","has-post-thumbnail","hentry","category-nouanded"],"aioseo_notices":[],"aioseo_head":"\n\t\t<!-- All in One SEO 5.0.1.1 - aioseo.com -->\n\t<meta name=\"description\" content=\"Kui k\u00fcsin inimestelt enne pildistamist, mida nad k\u00f5ige rohkem kardavad, on vastus peaaegu eranditult sama: \u201eMa ei ole \u00fcldse fotogeeniline\u201c, \u201eMa ei oska kuidagi seista\u201c v\u00f5i \u201eMul tekib kaamera ees kohe kramp.\u201c Need m\u00f5tted on t\u00e4iesti inimlikud. Kuid reaalsus on see, et sa ei peagi olema \u00f5ppinud modell, et fotosessiooni nautida ja ilusaid pilte endast\" \/>\n\t<meta name=\"robots\" content=\"max-image-preview:large\" \/>\n\t<meta name=\"author\" content=\"admin\"\/>\n\t<link rel=\"canonical\" href=\"https:\/\/martenjaanphotography.com\/en\/miks-kaamera-kartmine-on-normaalne-ja-kuidas-pildistamist-pariselt-nautida-fotosessioon-kui-elamus\/\" \/>\n\t<meta name=\"generator\" content=\"All in One SEO (AIOSEO) 5.0.1.1\" \/>\n\t\t<meta property=\"og:locale\" content=\"en_US\" \/>\n\t\t<meta property=\"og:site_name\" content=\"Martenjaan Photography \u2013 Portree- ja peresessioonid ning fototeenused ettev\u00f5tetele\" \/>\n\t\t<meta property=\"og:type\" content=\"article\" \/>\n\t\t<meta property=\"og:title\" content=\"Fotosessioon kui elamus: miks kaamera kartmine on normaalne ja kuidas pildistamist p\u00e4riselt nautida?\" \/>\n\t\t<meta property=\"og:description\" content=\"Kui k\u00fcsin inimestelt enne pildistamist, mida nad k\u00f5ige rohkem kardavad, on vastus peaaegu eranditult sama: \u201eMa ei ole \u00fcldse fotogeeniline\u201c, \u201eMa ei oska kuidagi seista\u201c v\u00f5i \u201eMul tekib kaamera ees kohe kramp.\u201c Need m\u00f5tted on t\u00e4iesti inimlikud. Kuid reaalsus on see, et sa ei peagi olema \u00f5ppinud modell, et fotosessiooni nautida ja ilusaid pilte endast\" \/>\n\t\t<meta property=\"og:url\" content=\"https:\/\/martenjaanphotography.com\/en\/miks-kaamera-kartmine-on-normaalne-ja-kuidas-pildistamist-pariselt-nautida-fotosessioon-kui-elamus\/\" \/>\n\t\t<meta property=\"og:image\" content=\"https:\/\/martenjaanphotography.com\/wp-content\/uploads\/2026\/08\/Johanna_Liset_MartenJaanPhotography-51668-scaled.jpg\" \/>\n\t\t<meta property=\"og:image:secure_url\" content=\"https:\/\/martenjaanphotography.com\/wp-content\/uploads\/2026\/08\/Johanna_Liset_MartenJaanPhotography-51668-scaled.jpg\" \/>\n\t\t<meta property=\"article:published_time\" content=\"2026-09-03T14:01:01+00:00\" \/>\n\t\t<meta property=\"article:modified_time\" content=\"2026-09-03T14:08:01+00:00\" \/>\n\t\t<meta name=\"twitter:card\" content=\"summary_large_image\" \/>\n\t\t<meta name=\"twitter:title\" content=\"Fotosessioon kui elamus: miks kaamera kartmine on normaalne ja kuidas pildistamist p\u00e4riselt nautida?\" \/>\n\t\t<meta name=\"twitter:description\" content=\"Kui k\u00fcsin inimestelt enne pildistamist, mida nad k\u00f5ige rohkem kardavad, on vastus peaaegu eranditult sama: \u201eMa ei ole \u00fcldse fotogeeniline\u201c, \u201eMa ei oska kuidagi seista\u201c v\u00f5i \u201eMul tekib kaamera ees kohe kramp.\u201c Need m\u00f5tted on t\u00e4iesti inimlikud. Kuid reaalsus on see, et sa ei peagi olema \u00f5ppinud modell, et fotosessiooni nautida ja ilusaid pilte endast\" \/>\n\t\t<meta name=\"twitter:image\" content=\"https:\/\/martenjaanphotography.com\/wp-content\/uploads\/2026\/08\/Johanna_Liset_MartenJaanPhotography-51668-scaled.jpg\" \/>\n\t\t<script type=\"application\/ld+json\" class=\"aioseo-schema\">\n\t\t\t{\"@context\":\"https:\\\/\\\/schema.org\",\"@graph\":[{\"@type\":\"BlogPosting\",\"@id\":\"https:\\\/\\\/martenjaanphotography.com\\\/en\\\/miks-kaamera-kartmine-on-normaalne-ja-kuidas-pildistamist-pariselt-nautida-fotosessioon-kui-elamus\\\/#blogposting\",\"name\":\"Fotosessioon kui elamus: miks kaamera kartmine on normaalne ja kuidas pildistamist p\\u00e4riselt nautida?\",\"headline\":\"Miks kaamera kartmine on normaalne ja kuidas pildistamist p\\u00e4riselt nautida? Fotosessioon kui elamus\",\"author\":{\"@id\":\"https:\\\/\\\/martenjaanphotography.com\\\/en\\\/author\\\/admin\\\/#author\"},\"publisher\":{\"@id\":\"https:\\\/\\\/martenjaanphotography.com\\\/en\\\/#organization\"},\"image\":{\"@type\":\"ImageObject\",\"url\":\"https:\\\/\\\/martenjaanphotography.com\\\/wp-content\\\/uploads\\\/2026\\\/09\\\/Fotosessioon-kui-elamus-Parnu-fotograaf-Martenjaan-Photography.png\",\"width\":1568,\"height\":652},\"datePublished\":\"2026-09-03T16:01:01+02:00\",\"dateModified\":\"2026-09-03T16:08:01+02:00\",\"inLanguage\":\"en-US\",\"mainEntityOfPage\":{\"@id\":\"https:\\\/\\\/martenjaanphotography.com\\\/en\\\/miks-kaamera-kartmine-on-normaalne-ja-kuidas-pildistamist-pariselt-nautida-fotosessioon-kui-elamus\\\/#webpage\"},\"isPartOf\":{\"@id\":\"https:\\\/\\\/martenjaanphotography.com\\\/en\\\/miks-kaamera-kartmine-on-normaalne-ja-kuidas-pildistamist-pariselt-nautida-fotosessioon-kui-elamus\\\/#webpage\"},\"articleSection\":\"N\\u00f5uanded\"},{\"@type\":\"BreadcrumbList\",\"@id\":\"https:\\\/\\\/martenjaanphotography.com\\\/en\\\/miks-kaamera-kartmine-on-normaalne-ja-kuidas-pildistamist-pariselt-nautida-fotosessioon-kui-elamus\\\/#breadcrumblist\",\"itemListElement\":[{\"@type\":\"ListItem\",\"@id\":\"https:\\\/\\\/martenjaanphotography.com\\\/en#listItem\",\"position\":1,\"name\":\"Home\",\"item\":\"https:\\\/\\\/martenjaanphotography.com\\\/en\",\"nextItem\":{\"@type\":\"ListItem\",\"@id\":\"https:\\\/\\\/martenjaanphotography.com\\\/en\\\/category\\\/nouanded\\\/#listItem\",\"name\":\"N\\u00f5uanded\"}},{\"@type\":\"ListItem\",\"@id\":\"https:\\\/\\\/martenjaanphotography.com\\\/en\\\/category\\\/nouanded\\\/#listItem\",\"position\":2,\"name\":\"N\\u00f5uanded\",\"item\":\"https:\\\/\\\/martenjaanphotography.com\\\/en\\\/category\\\/nouanded\\\/\",\"nextItem\":{\"@type\":\"ListItem\",\"@id\":\"https:\\\/\\\/martenjaanphotography.com\\\/en\\\/miks-kaamera-kartmine-on-normaalne-ja-kuidas-pildistamist-pariselt-nautida-fotosessioon-kui-elamus\\\/#listItem\",\"name\":\"Miks kaamera kartmine on normaalne ja kuidas pildistamist p\\u00e4riselt nautida? Fotosessioon kui elamus\"},\"previousItem\":{\"@type\":\"ListItem\",\"@id\":\"https:\\\/\\\/martenjaanphotography.com\\\/en#listItem\",\"name\":\"Home\"}},{\"@type\":\"ListItem\",\"@id\":\"https:\\\/\\\/martenjaanphotography.com\\\/en\\\/miks-kaamera-kartmine-on-normaalne-ja-kuidas-pildistamist-pariselt-nautida-fotosessioon-kui-elamus\\\/#listItem\",\"position\":3,\"name\":\"Miks kaamera kartmine on normaalne ja kuidas pildistamist p\\u00e4riselt nautida? Fotosessioon kui elamus\",\"previousItem\":{\"@type\":\"ListItem\",\"@id\":\"https:\\\/\\\/martenjaanphotography.com\\\/en\\\/category\\\/nouanded\\\/#listItem\",\"name\":\"N\\u00f5uanded\"}}]},{\"@type\":\"Organization\",\"@id\":\"https:\\\/\\\/martenjaanphotography.com\\\/en\\\/#organization\",\"name\":\"Martenjaan Photography\",\"description\":\"Portree- ja peresessioonid ning fototeenused ettev\\u00f5tetele\",\"url\":\"https:\\\/\\\/martenjaanphotography.com\\\/en\\\/\",\"email\":\"info@martenjaanphotography.com\",\"logo\":{\"@type\":\"ImageObject\",\"url\":\"https:\\\/\\\/martenjaanphotography.com\\\/wp-content\\\/uploads\\\/2024\\\/08\\\/cropped-martenjaan-photography-logo_must-01-e1650015510923-1.png\",\"@id\":\"https:\\\/\\\/martenjaanphotography.com\\\/en\\\/miks-kaamera-kartmine-on-normaalne-ja-kuidas-pildistamist-pariselt-nautida-fotosessioon-kui-elamus\\\/#organizationLogo\",\"width\":250,\"height\":59},\"image\":{\"@id\":\"https:\\\/\\\/martenjaanphotography.com\\\/en\\\/miks-kaamera-kartmine-on-normaalne-ja-kuidas-pildistamist-pariselt-nautida-fotosessioon-kui-elamus\\\/#organizationLogo\"}},{\"@type\":\"Person\",\"@id\":\"https:\\\/\\\/martenjaanphotography.com\\\/en\\\/author\\\/admin\\\/#author\",\"url\":\"https:\\\/\\\/martenjaanphotography.com\\\/en\\\/author\\\/admin\\\/\",\"name\":\"admin\",\"image\":{\"@type\":\"ImageObject\",\"@id\":\"https:\\\/\\\/martenjaanphotography.com\\\/en\\\/miks-kaamera-kartmine-on-normaalne-ja-kuidas-pildistamist-pariselt-nautida-fotosessioon-kui-elamus\\\/#authorImage\",\"url\":\"https:\\\/\\\/secure.gravatar.com\\\/avatar\\\/a7294392e0f32165f34e9a6ce2d9392fa6614a50f2795fa5e710b1bdf00268b1?s=96&d=mm&r=g\",\"width\":96,\"height\":96,\"caption\":\"admin\"}},{\"@type\":\"WebPage\",\"@id\":\"https:\\\/\\\/martenjaanphotography.com\\\/en\\\/miks-kaamera-kartmine-on-normaalne-ja-kuidas-pildistamist-pariselt-nautida-fotosessioon-kui-elamus\\\/#webpage\",\"url\":\"https:\\\/\\\/martenjaanphotography.com\\\/en\\\/miks-kaamera-kartmine-on-normaalne-ja-kuidas-pildistamist-pariselt-nautida-fotosessioon-kui-elamus\\\/\",\"name\":\"Fotosessioon kui elamus: miks kaamera kartmine on normaalne ja kuidas pildistamist p\\u00e4riselt nautida?\",\"description\":\"Kui k\\u00fcsin inimestelt enne pildistamist, mida nad k\\u00f5ige rohkem kardavad, on vastus peaaegu eranditult sama: \\u201eMa ei ole \\u00fcldse fotogeeniline\\u201c, \\u201eMa ei oska kuidagi seista\\u201c v\\u00f5i \\u201eMul tekib kaamera ees kohe kramp.\\u201c Need m\\u00f5tted on t\\u00e4iesti inimlikud. Kuid reaalsus on see, et sa ei peagi olema \\u00f5ppinud modell, et fotosessiooni nautida ja ilusaid pilte endast\",\"inLanguage\":\"en-US\",\"isPartOf\":{\"@id\":\"https:\\\/\\\/martenjaanphotography.com\\\/en\\\/#website\"},\"breadcrumb\":{\"@id\":\"https:\\\/\\\/martenjaanphotography.com\\\/en\\\/miks-kaamera-kartmine-on-normaalne-ja-kuidas-pildistamist-pariselt-nautida-fotosessioon-kui-elamus\\\/#breadcrumblist\"},\"author\":{\"@id\":\"https:\\\/\\\/martenjaanphotography.com\\\/en\\\/author\\\/admin\\\/#author\"},\"creator\":{\"@id\":\"https:\\\/\\\/martenjaanphotography.com\\\/en\\\/author\\\/admin\\\/#author\"},\"image\":{\"@type\":\"ImageObject\",\"url\":\"https:\\\/\\\/martenjaanphotography.com\\\/wp-content\\\/uploads\\\/2026\\\/09\\\/Fotosessioon-kui-elamus-Parnu-fotograaf-Martenjaan-Photography.png\",\"@id\":\"https:\\\/\\\/martenjaanphotography.com\\\/en\\\/miks-kaamera-kartmine-on-normaalne-ja-kuidas-pildistamist-pariselt-nautida-fotosessioon-kui-elamus\\\/#mainImage\",\"width\":1568,\"height\":652},\"primaryImageOfPage\":{\"@id\":\"https:\\\/\\\/martenjaanphotography.com\\\/en\\\/miks-kaamera-kartmine-on-normaalne-ja-kuidas-pildistamist-pariselt-nautida-fotosessioon-kui-elamus\\\/#mainImage\"},\"datePublished\":\"2026-09-03T16:01:01+02:00\",\"dateModified\":\"2026-09-03T16:08:01+02:00\"},{\"@type\":\"WebSite\",\"@id\":\"https:\\\/\\\/martenjaanphotography.com\\\/en\\\/#website\",\"url\":\"https:\\\/\\\/martenjaanphotography.com\\\/en\\\/\",\"name\":\"Martenjaan Photography\",\"description\":\"Portree- ja peresessioonid ning fototeenused ettev\\u00f5tetele\",\"inLanguage\":\"en-US\",\"publisher\":{\"@id\":\"https:\\\/\\\/martenjaanphotography.com\\\/en\\\/#organization\"}}]}\n\t\t<\/script>\n\t\t<!-- All in One SEO -->\n\n","aioseo_head_json":{"title":"Fotosessioon kui elamus: miks kaamera kartmine on normaalne ja kuidas pildistamist p\u00e4riselt nautida?","description":"Kui k\u00fcsin inimestelt enne pildistamist, mida nad k\u00f5ige rohkem kardavad, on vastus peaaegu eranditult sama: \u201eMa ei ole \u00fcldse fotogeeniline\u201c, \u201eMa ei oska kuidagi seista\u201c v\u00f5i \u201eMul tekib kaamera ees kohe kramp.\u201c Need m\u00f5tted on t\u00e4iesti inimlikud. Kuid reaalsus on see, et sa ei peagi olema \u00f5ppinud modell, et fotosessiooni nautida ja ilusaid pilte endast","canonical_url":"https:\/\/martenjaanphotography.com\/en\/miks-kaamera-kartmine-on-normaalne-ja-kuidas-pildistamist-pariselt-nautida-fotosessioon-kui-elamus\/","robots":"max-image-preview:large","keywords":"","webmasterTools":{"miscellaneous":""},"schema":{"@context":"https:\/\/schema.org","@graph":[{"@type":"BlogPosting","@id":"https:\/\/martenjaanphotography.com\/en\/miks-kaamera-kartmine-on-normaalne-ja-kuidas-pildistamist-pariselt-nautida-fotosessioon-kui-elamus\/#blogposting","name":"Fotosessioon kui elamus: miks kaamera kartmine on normaalne ja kuidas pildistamist p\u00e4riselt nautida?","headline":"Miks kaamera kartmine on normaalne ja kuidas pildistamist p\u00e4riselt nautida? Fotosessioon kui elamus","author":{"@id":"https:\/\/martenjaanphotography.com\/en\/author\/admin\/#author"},"publisher":{"@id":"https:\/\/martenjaanphotography.com\/en\/#organization"},"image":{"@type":"ImageObject","url":"https:\/\/martenjaanphotography.com\/wp-content\/uploads\/2026\/09\/Fotosessioon-kui-elamus-Parnu-fotograaf-Martenjaan-Photography.png","width":1568,"height":652},"datePublished":"2026-09-03T16:01:01+02:00","dateModified":"2026-09-03T16:08:01+02:00","inLanguage":"en-US","mainEntityOfPage":{"@id":"https:\/\/martenjaanphotography.com\/en\/miks-kaamera-kartmine-on-normaalne-ja-kuidas-pildistamist-pariselt-nautida-fotosessioon-kui-elamus\/#webpage"},"isPartOf":{"@id":"https:\/\/martenjaanphotography.com\/en\/miks-kaamera-kartmine-on-normaalne-ja-kuidas-pildistamist-pariselt-nautida-fotosessioon-kui-elamus\/#webpage"},"articleSection":"N\u00f5uanded"},{"@type":"BreadcrumbList","@id":"https:\/\/martenjaanphotography.com\/en\/miks-kaamera-kartmine-on-normaalne-ja-kuidas-pildistamist-pariselt-nautida-fotosessioon-kui-elamus\/#breadcrumblist","itemListElement":[{"@type":"ListItem","@id":"https:\/\/martenjaanphotography.com\/en#listItem","position":1,"name":"Home","item":"https:\/\/martenjaanphotography.com\/en","nextItem":{"@type":"ListItem","@id":"https:\/\/martenjaanphotography.com\/en\/category\/nouanded\/#listItem","name":"N\u00f5uanded"}},{"@type":"ListItem","@id":"https:\/\/martenjaanphotography.com\/en\/category\/nouanded\/#listItem","position":2,"name":"N\u00f5uanded","item":"https:\/\/martenjaanphotography.com\/en\/category\/nouanded\/","nextItem":{"@type":"ListItem","@id":"https:\/\/martenjaanphotography.com\/en\/miks-kaamera-kartmine-on-normaalne-ja-kuidas-pildistamist-pariselt-nautida-fotosessioon-kui-elamus\/#listItem","name":"Miks kaamera kartmine on normaalne ja kuidas pildistamist p\u00e4riselt nautida? Fotosessioon kui elamus"},"previousItem":{"@type":"ListItem","@id":"https:\/\/martenjaanphotography.com\/en#listItem","name":"Home"}},{"@type":"ListItem","@id":"https:\/\/martenjaanphotography.com\/en\/miks-kaamera-kartmine-on-normaalne-ja-kuidas-pildistamist-pariselt-nautida-fotosessioon-kui-elamus\/#listItem","position":3,"name":"Miks kaamera kartmine on normaalne ja kuidas pildistamist p\u00e4riselt nautida? Fotosessioon kui elamus","previousItem":{"@type":"ListItem","@id":"https:\/\/martenjaanphotography.com\/en\/category\/nouanded\/#listItem","name":"N\u00f5uanded"}}]},{"@type":"Organization","@id":"https:\/\/martenjaanphotography.com\/en\/#organization","name":"Martenjaan Photography","description":"Portree- ja peresessioonid ning fototeenused ettev\u00f5tetele","url":"https:\/\/martenjaanphotography.com\/en\/","email":"info@martenjaanphotography.com","logo":{"@type":"ImageObject","url":"https:\/\/martenjaanphotography.com\/wp-content\/uploads\/2024\/08\/cropped-martenjaan-photography-logo_must-01-e1650015510923-1.png","@id":"https:\/\/martenjaanphotography.com\/en\/miks-kaamera-kartmine-on-normaalne-ja-kuidas-pildistamist-pariselt-nautida-fotosessioon-kui-elamus\/#organizationLogo","width":250,"height":59},"image":{"@id":"https:\/\/martenjaanphotography.com\/en\/miks-kaamera-kartmine-on-normaalne-ja-kuidas-pildistamist-pariselt-nautida-fotosessioon-kui-elamus\/#organizationLogo"}},{"@type":"Person","@id":"https:\/\/martenjaanphotography.com\/en\/author\/admin\/#author","url":"https:\/\/martenjaanphotography.com\/en\/author\/admin\/","name":"admin","image":{"@type":"ImageObject","@id":"https:\/\/martenjaanphotography.com\/en\/miks-kaamera-kartmine-on-normaalne-ja-kuidas-pildistamist-pariselt-nautida-fotosessioon-kui-elamus\/#authorImage","url":"https:\/\/secure.gravatar.com\/avatar\/a7294392e0f32165f34e9a6ce2d9392fa6614a50f2795fa5e710b1bdf00268b1?s=96&d=mm&r=g","width":96,"height":96,"caption":"admin"}},{"@type":"WebPage","@id":"https:\/\/martenjaanphotography.com\/en\/miks-kaamera-kartmine-on-normaalne-ja-kuidas-pildistamist-pariselt-nautida-fotosessioon-kui-elamus\/#webpage","url":"https:\/\/martenjaanphotography.com\/en\/miks-kaamera-kartmine-on-normaalne-ja-kuidas-pildistamist-pariselt-nautida-fotosessioon-kui-elamus\/","name":"Fotosessioon kui elamus: miks kaamera kartmine on normaalne ja kuidas pildistamist p\u00e4riselt nautida?","description":"Kui k\u00fcsin inimestelt enne pildistamist, mida nad k\u00f5ige rohkem kardavad, on vastus peaaegu eranditult sama: \u201eMa ei ole \u00fcldse fotogeeniline\u201c, \u201eMa ei oska kuidagi seista\u201c v\u00f5i \u201eMul tekib kaamera ees kohe kramp.\u201c Need m\u00f5tted on t\u00e4iesti inimlikud. Kuid reaalsus on see, et sa ei peagi olema \u00f5ppinud modell, et fotosessiooni nautida ja ilusaid pilte endast","inLanguage":"en-US","isPartOf":{"@id":"https:\/\/martenjaanphotography.com\/en\/#website"},"breadcrumb":{"@id":"https:\/\/martenjaanphotography.com\/en\/miks-kaamera-kartmine-on-normaalne-ja-kuidas-pildistamist-pariselt-nautida-fotosessioon-kui-elamus\/#breadcrumblist"},"author":{"@id":"https:\/\/martenjaanphotography.com\/en\/author\/admin\/#author"},"creator":{"@id":"https:\/\/martenjaanphotography.com\/en\/author\/admin\/#author"},"image":{"@type":"ImageObject","url":"https:\/\/martenjaanphotography.com\/wp-content\/uploads\/2026\/09\/Fotosessioon-kui-elamus-Parnu-fotograaf-Martenjaan-Photography.png","@id":"https:\/\/martenjaanphotography.com\/en\/miks-kaamera-kartmine-on-normaalne-ja-kuidas-pildistamist-pariselt-nautida-fotosessioon-kui-elamus\/#mainImage","width":1568,"height":652},"primaryImageOfPage":{"@id":"https:\/\/martenjaanphotography.com\/en\/miks-kaamera-kartmine-on-normaalne-ja-kuidas-pildistamist-pariselt-nautida-fotosessioon-kui-elamus\/#mainImage"},"datePublished":"2026-09-03T16:01:01+02:00","dateModified":"2026-09-03T16:08:01+02:00"},{"@type":"WebSite","@id":"https:\/\/martenjaanphotography.com\/en\/#website","url":"https:\/\/martenjaanphotography.com\/en\/","name":"Martenjaan Photography","description":"Portree- ja peresessioonid ning fototeenused ettev\u00f5tetele","inLanguage":"en-US","publisher":{"@id":"https:\/\/martenjaanphotography.com\/en\/#organization"}}]},"og:locale":"en_US","og:site_name":"Martenjaan Photography \u2013 Portree- ja peresessioonid ning fototeenused ettev\u00f5tetele","og:type":"article","og:title":"Fotosessioon kui elamus: miks kaamera kartmine on normaalne ja kuidas pildistamist p\u00e4riselt nautida?","og:description":"Kui k\u00fcsin inimestelt enne pildistamist, mida nad k\u00f5ige rohkem kardavad, on vastus peaaegu eranditult sama: \u201eMa ei ole \u00fcldse fotogeeniline\u201c, \u201eMa ei oska kuidagi seista\u201c v\u00f5i \u201eMul tekib kaamera ees kohe kramp.\u201c Need m\u00f5tted on t\u00e4iesti inimlikud. Kuid reaalsus on see, et sa ei peagi olema \u00f5ppinud modell, et fotosessiooni nautida ja ilusaid pilte endast","og:url":"https:\/\/martenjaanphotography.com\/en\/miks-kaamera-kartmine-on-normaalne-ja-kuidas-pildistamist-pariselt-nautida-fotosessioon-kui-elamus\/","og:image":"https:\/\/martenjaanphotography.com\/wp-content\/uploads\/2026\/08\/Johanna_Liset_MartenJaanPhotography-51668-scaled.jpg","og:image:secure_url":"https:\/\/martenjaanphotography.com\/wp-content\/uploads\/2026\/08\/Johanna_Liset_MartenJaanPhotography-51668-scaled.jpg","article:published_time":"2026-09-03T14:01:01+00:00","article:modified_time":"2026-09-03T14:08:01+00:00","twitter:card":"summary_large_image","twitter:title":"Fotosessioon kui elamus: miks kaamera kartmine on normaalne ja kuidas pildistamist p\u00e4riselt nautida?","twitter:description":"Kui k\u00fcsin inimestelt enne pildistamist, mida nad k\u00f5ige rohkem kardavad, on vastus peaaegu eranditult sama: \u201eMa ei ole \u00fcldse fotogeeniline\u201c, \u201eMa ei oska kuidagi seista\u201c v\u00f5i \u201eMul tekib kaamera ees kohe kramp.\u201c Need m\u00f5tted on t\u00e4iesti inimlikud. Kuid reaalsus on see, et sa ei peagi olema \u00f5ppinud modell, et fotosessiooni nautida ja ilusaid pilte endast","twitter:image":"https:\/\/martenjaanphotography.com\/wp-content\/uploads\/2026\/08\/Johanna_Liset_MartenJaanPhotography-51668-scaled.jpg"},"aioseo_meta_data":{"post_id":"4753","title":"Fotosessioon kui elamus: miks kaamera kartmine on normaalne ja kuidas pildistamist p\u00e4riselt nautida?","description":null,"keywords":null,"keyphrases":{"focus":{"keyphrase":"fotosessioon","score":0,"analysis":[]},"additional":[]},"primary_term":null,"canonical_url":null,"og_title":null,"og_description":null,"og_object_type":"default","og_image_type":"custom_image","og_image_url":"https:\/\/martenjaanphotography.com\/wp-content\/uploads\/2026\/08\/Johanna_Liset_MartenJaanPhotography-51668-scaled.jpg","og_image_width":"0","og_image_height":"0","og_image_custom_url":"https:\/\/martenjaanphotography.com\/wp-content\/uploads\/2026\/08\/Johanna_Liset_MartenJaanPhotography-51668-scaled.jpg","og_image_custom_fields":null,"og_video":"","og_custom_url":null,"og_article_section":null,"og_article_tags":null,"twitter_use_og":false,"twitter_card":"default","twitter_image_type":"default","twitter_image_url":null,"twitter_image_custom_url":null,"twitter_image_custom_fields":null,"twitter_title":null,"twitter_description":null,"schema":{"blockGraphs":[],"customGraphs":[],"default":{"data":{"Article":[],"Course":[],"Dataset":[],"FAQPage":[],"Movie":[],"Person":[],"Product":[],"ProductReview":[],"Car":[],"Recipe":[],"Service":[],"SoftwareApplication":[],"WebPage":[]},"graphName":"BlogPosting","isEnabled":true},"graphs":[]},"schema_type":"default","schema_type_options":null,"pillar_content":false,"robots_default":true,"robots_noindex":false,"robots_noarchive":false,"robots_nosnippet":false,"robots_nofollow":false,"robots_noimageindex":false,"robots_noodp":false,"robots_notranslate":false,"robots_max_snippet":"-1","robots_max_videopreview":"-1","robots_max_imagepreview":"large","priority":null,"frequency":"default","local_seo":null,"breadcrumb_settings":null,"limit_modified_date":false,"ai":{"faqs":[],"keyPoints":[],"schemas":[],"titles":[],"descriptions":[],"socialPosts":{"email":{"subject":"","preview":"","content":""},"linkedin":[],"twitter":[],"facebook":[],"instagram":[]}},"created":"2026-09-03 14:01:03","updated":"2026-09-03 17:00:33","seo_analyzer_scan_date":null,"focus_keyword":"fotosessioon","additional_keywords":null,"truseo_locale":null},"aioseo_breadcrumb":"<div class=\"aioseo-breadcrumbs\"><span class=\"aioseo-breadcrumb\">\n\t\t\t<a href=\"https:\/\/martenjaanphotography.com\/en\" title=\"Home\">Home<\/a>\n\t\t<\/span><span class=\"aioseo-breadcrumb-separator\">&raquo;<\/span><span class=\"aioseo-breadcrumb\">\n\t\t\t<a href=\"https:\/\/martenjaanphotography.com\/en\/category\/nouanded\/\" title=\"N\u00f5uanded\">N\u00f5uanded<\/a>\n\t\t<\/span><span class=\"aioseo-breadcrumb-separator\">&raquo;<\/span><span class=\"aioseo-breadcrumb\">\n\t\t\tMiks kaamera kartmine on normaalne ja kuidas pildistamist p\u00e4riselt nautida? Fotosessioon kui elamus\n\t\t<\/span><\/div>","aioseo_breadcrumb_json":[{"label":"Home","link":"https:\/\/martenjaanphotography.com\/en"},{"label":"N\u00f5uanded","link":"https:\/\/martenjaanphotography.com\/en\/category\/nouanded\/"},{"label":"Miks kaamera kartmine on normaalne ja kuidas pildistamist p\u00e4riselt nautida? Fotosessioon kui elamus","link":"https:\/\/martenjaanphotography.com\/en\/miks-kaamera-kartmine-on-normaalne-ja-kuidas-pildistamist-pariselt-nautida-fotosessioon-kui-elamus\/"}],"_links":{"self":[{"href":"https:\/\/martenjaanphotography.com\/en\/wp-json\/wp\/v2\/posts\/4753","targetHints":{"allow":["GET"]}}],"collection":[{"href":"https:\/\/martenjaanphotography.com\/en\/wp-json\/wp\/v2\/posts"}],"about":[{"href":"https:\/\/martenjaanphotography.com\/en\/wp-json\/wp\/v2\/types\/post"}],"author":[{"embeddable":true,"href":"https:\/\/martenjaanphotography.com\/en\/wp-json\/wp\/v2\/users\/1"}],"replies":[{"embeddable":true,"href":"https:\/\/martenjaanphotography.com\/en\/wp-json\/wp\/v2\/comments?post=4753"}],"version-history":[{"count":3,"href":"https:\/\/martenjaanphotography.com\/en\/wp-json\/wp\/v2\/posts\/4753\/revisions"}],"predecessor-version":[{"id":4764,"href":"https:\/\/martenjaanphotography.com\/en\/wp-json\/wp\/v2\/posts\/4753\/revisions\/4764"}],"wp:featuredmedia":[{"embeddable":true,"href":"https:\/\/martenjaanphotography.com\/en\/wp-json\/wp\/v2\/media\/4754"}],"wp:attachment":[{"href":"https:\/\/martenjaanphotography.com\/en\/wp-json\/wp\/v2\/media?parent=4753"}],"wp:term":[{"taxonomy":"category","embeddable":true,"href":"https:\/\/martenjaanphotography.com\/en\/wp-json\/wp\/v2\/categories?post=4753"},{"taxonomy":"post_tag","embeddable":true,"href":"https:\/\/martenjaanphotography.com\/en\/wp-json\/wp\/v2\/tags?post=4753"}],"curies":[{"name":"wp","href":"https:\/\/api.w.org\/{rel}","templated":true}]}}