{"id":4741,"date":"2026-08-26T15:50:27","date_gmt":"2026-08-26T13:50:27","guid":{"rendered":"https:\/\/martenjaanphotography.com\/?p=4741"},"modified":"2026-08-26T15:55:27","modified_gmt":"2026-08-26T13:55:27","slug":"fotosessioon-lemmikloomaga-miks-ei-tasuks-koeraga-pildistamist-tulevikku-lukata","status":"publish","type":"post","link":"https:\/\/martenjaanphotography.com\/en\/fotosessioon-lemmikloomaga-miks-ei-tasuks-koeraga-pildistamist-tulevikku-lukata\/","title":{"rendered":"Fotosessioon lemmikloomaga: miks ei tasuks koeraga pildistamist tulevikku l\u00fckata?"},"content":{"rendered":"<p class=\"wp-block-paragraph\">J\u00e4in m\u00f5ni aeg tagasi vaatama \u00fchte vanat pildikausta. Seal oli foto minu enda esimesest neljajalgsest s\u00f5brast. Pilt oli veidi udune, tehtud vana telefoniga kuskil p\u00e4ikeselaigus, kui koer oli juba eakas ja tema koon kergelt hallikaks t\u00f5mbunud. Tehnilises m\u00f5ttes polnud see mingi meistriteos, aga minu jaoks on see \u00fcks v\u00e4\u00e4rtuslikumaid pilte maailmas.<\/p>\n\n\n\n<p class=\"wp-block-paragraph\">Koeraomanikena teame me k\u00f5ik seda valusat t\u00f5siasja, mida igap\u00e4evaselt pigem unustada \u00fcritame: meie lemmikud ei ela igavesti. Nad tulevad meie ellu, \u00f5petavad meile tingimusteta armastust, kohalolu ja r\u00f5\u00f5mu k\u00f5ige lihtsamast jalutusk\u00e4igust. Ja siis, alati liiga kiiresti, nad lahkuvad.<\/p>\n\n\n\n<h2 class=\"wp-block-heading\" style=\"font-size:clamp(15.747px, 0.984rem + ((1vw - 3.2px) * 0.86), 24px);\"><strong>Telefon on paksult lemmiklooma pilte t\u00e4is, aga millised m\u00e4lestused j\u00e4\u00e4vad p\u00e4riselt alles?<\/strong><\/h2>\n\n\n\n<p class=\"wp-block-paragraph\">T\u00e4nap\u00e4eval on meie k\u00f5ikide telefonigaleriid kiireid kl\u00f5pse t\u00e4is. Koer magamas diivanil, p\u00fcherdamas lumes v\u00f5i jalutamas m\u00f6\u00f6da randa.<\/p>\n\n\n\n<p class=\"wp-block-paragraph\"><strong>Aga kui tihti j\u00e4\u00e4b pildile teie kahe t\u00f5eline klapp ja side?<\/strong> Need hetked, kus te olete m\u00f5lemad kaadris (ei, ma ei m\u00f5tle kiireid &#8220;selfie-sid&#8221;). Pildid, kus on peal see soe ja usaldav pilk, millega ta sulle otsa vaatab, kui sa teda k\u00f5rva tagant s\u00fcgad.<\/p>\n\n\n\n<h2 class=\"wp-block-heading\" style=\"font-size:clamp(15.747px, 0.984rem + ((1vw - 3.2px) * 0.86), 24px);\"><strong>Koerte pildistami<\/strong>st ei tasu edasi l\u00fckata<\/h2>\n\n\n\n<p class=\"wp-block-paragraph\">Fotograafina kuulen tihti k\u00f5hklusi:<\/p>\n\n\n\n<ul class=\"wp-block-list\">\n<li><em>&#8220;Ta ei p\u00fcsi paigal&#8221;<\/em>,<\/li>\n\n\n\n<li><em>&#8220;Tahaks enne, et ta \u00f5piks paremini k\u00e4sklusi&#8221;<\/em>, <\/li>\n\n\n\n<li><em>&#8220;Ootame pigem suveni, kui muru on roheline&#8221;<\/em>.<\/li>\n<\/ul>\n\n\n\n<p class=\"wp-block-paragraph\">Tegelikult ei pea pildistama tulles koer olema t\u00e4iuslikult kasvatatud modell. Parimad kaadrid s\u00fcnnivad siis, kui koer saab olla lihtsalt koer: nuusutada, joosta, paitust n\u00f5uda ja sina saad oma s\u00f5braga vabalt aega veeta.<\/p>\n\n\n\n<p class=\"wp-block-paragraph\">Hea lemmiklooma fotograaf ei suru looma ebaloomulikku poosi. Minu t\u00f6\u00f6 fotograafina on luua rahulik ja turvaline keskkond ning p\u00fc\u00fcda pildile see ehe emotsioon, mis teie vahel juba olemas on.<\/p>\n\n\n\n<h2 class=\"wp-block-heading\" style=\"font-size:clamp(15.747px, 0.984rem + ((1vw - 3.2px) * 0.86), 24px);\"><strong>Kingitus iseendale tulevikuks<\/strong><\/h2>\n\n\n\n<p class=\"wp-block-paragraph\">Kui me \u00fchel p\u00e4eval (mis on loodetavasti v\u00e4ga kaugel) oma lemmiku kaotame, ei tunne me puudust asjadest. Me tunneme puudust tema kohalolust, sammude kr\u00f5binast koridoris ja sellest soojast tundest, kui ta oma pea sulle p\u00f5lvele toetab.<\/p>\n\n\n\n<p class=\"wp-block-paragraph\">Kvaliteetne fotosessioon koeraga v\u00f5i m\u00f5ne teise lemmikuga on viis aega peatada ja j\u00e4\u00e4dvustada m\u00e4lestusi p\u00e4evaks, kui teda enam f\u00fc\u00fcsiliselt k\u00f5rval ei ole, aga tema j\u00e4lg sinu s\u00fcdames on endiselt sama suur.<\/p>\n\n\n\n<p class=\"wp-block-paragraph\">Hea loomas\u00f5ber! V\u00f5ta t\u00e4na oma s\u00f5bral tugevalt \u00fcmbert kinni, vii ta jalutama ja kui tunned, et tahaksid selle \u00fchise peat\u00fcki oma elus ka kauniteks m\u00e4lestusteks fotole j\u00e4\u00e4dvustada, siis <a href=\"https:\/\/martenjaanphotography.com\/en\/kontakt\/\" title=\"Contact me\"><strong>kirjuta mulle<\/strong><\/a>. Sest nii tema kui sina v\u00e4\u00e4rite seda m\u00e4lestust.<\/p>\n\n\n\n<figure class=\"wp-block-gallery has-nested-images columns-4 is-cropped wp-block-gallery-1 is-layout-flex wp-block-gallery-is-layout-flex\">\n<figure class=\"wp-block-image size-large\"><img loading=\"lazy\" decoding=\"async\" width=\"1024\" height=\"753\" data-id=\"4745\" src=\"https:\/\/martenjaanphotography.com\/wp-content\/uploads\/2026\/08\/MartenjaanPhotography_lemmiklooma-fotograaf-1-1024x753.jpg\" alt=\"\" class=\"wp-image-4745\" srcset=\"https:\/\/martenjaanphotography.com\/wp-content\/uploads\/2026\/08\/MartenjaanPhotography_lemmiklooma-fotograaf-1-1024x753.jpg 1024w, https:\/\/martenjaanphotography.com\/wp-content\/uploads\/2026\/08\/MartenjaanPhotography_lemmiklooma-fotograaf-1-300x220.jpg 300w, https:\/\/martenjaanphotography.com\/wp-content\/uploads\/2026\/08\/MartenjaanPhotography_lemmiklooma-fotograaf-1-767x564.jpg 767w, https:\/\/martenjaanphotography.com\/wp-content\/uploads\/2026\/08\/MartenjaanPhotography_lemmiklooma-fotograaf-1-1536x1130.jpg 1536w, https:\/\/martenjaanphotography.com\/wp-content\/uploads\/2026\/08\/MartenjaanPhotography_lemmiklooma-fotograaf-1-2048x1506.jpg 2048w, https:\/\/martenjaanphotography.com\/wp-content\/uploads\/2026\/08\/MartenjaanPhotography_lemmiklooma-fotograaf-1-16x12.jpg 16w, https:\/\/martenjaanphotography.com\/wp-content\/uploads\/2026\/08\/MartenjaanPhotography_lemmiklooma-fotograaf-1-600x441.jpg 600w\" sizes=\"auto, (max-width: 1024px) 100vw, 1024px\" \/><\/figure>\n\n\n\n<figure class=\"wp-block-image size-large\"><img loading=\"lazy\" decoding=\"async\" width=\"1024\" height=\"924\" data-id=\"4744\" src=\"https:\/\/martenjaanphotography.com\/wp-content\/uploads\/2026\/08\/MartenjaanPhotography_lemmiklooma-fotograaf-3-1024x924.jpg\" alt=\"\" class=\"wp-image-4744\" srcset=\"https:\/\/martenjaanphotography.com\/wp-content\/uploads\/2026\/08\/MartenjaanPhotography_lemmiklooma-fotograaf-3-1024x924.jpg 1024w, https:\/\/martenjaanphotography.com\/wp-content\/uploads\/2026\/08\/MartenjaanPhotography_lemmiklooma-fotograaf-3-300x271.jpg 300w, https:\/\/martenjaanphotography.com\/wp-content\/uploads\/2026\/08\/MartenjaanPhotography_lemmiklooma-fotograaf-3-767x692.jpg 767w, https:\/\/martenjaanphotography.com\/wp-content\/uploads\/2026\/08\/MartenjaanPhotography_lemmiklooma-fotograaf-3-1536x1386.jpg 1536w, https:\/\/martenjaanphotography.com\/wp-content\/uploads\/2026\/08\/MartenjaanPhotography_lemmiklooma-fotograaf-3-2048x1848.jpg 2048w, https:\/\/martenjaanphotography.com\/wp-content\/uploads\/2026\/08\/MartenjaanPhotography_lemmiklooma-fotograaf-3-13x12.jpg 13w, https:\/\/martenjaanphotography.com\/wp-content\/uploads\/2026\/08\/MartenjaanPhotography_lemmiklooma-fotograaf-3-599x541.jpg 599w\" sizes=\"auto, (max-width: 1024px) 100vw, 1024px\" \/><\/figure>\n\n\n\n<figure class=\"wp-block-image size-large\"><img loading=\"lazy\" decoding=\"async\" width=\"1024\" height=\"1024\" data-id=\"4712\" src=\"https:\/\/martenjaanphotography.com\/wp-content\/uploads\/2026\/08\/Kelli_Georg_Pulmafoto_MartenJaanPhotography-58335-edited-1024x1024.jpg\" alt=\"\" class=\"wp-image-4712\" srcset=\"https:\/\/martenjaanphotography.com\/wp-content\/uploads\/2026\/08\/Kelli_Georg_Pulmafoto_MartenJaanPhotography-58335-edited-1024x1024.jpg 1024w, https:\/\/martenjaanphotography.com\/wp-content\/uploads\/2026\/08\/Kelli_Georg_Pulmafoto_MartenJaanPhotography-58335-edited-300x300.jpg 300w, https:\/\/martenjaanphotography.com\/wp-content\/uploads\/2026\/08\/Kelli_Georg_Pulmafoto_MartenJaanPhotography-58335-edited-150x150.jpg 150w, https:\/\/martenjaanphotography.com\/wp-content\/uploads\/2026\/08\/Kelli_Georg_Pulmafoto_MartenJaanPhotography-58335-edited-768x768.jpg 768w, https:\/\/martenjaanphotography.com\/wp-content\/uploads\/2026\/08\/Kelli_Georg_Pulmafoto_MartenJaanPhotography-58335-edited-1536x1536.jpg 1536w, https:\/\/martenjaanphotography.com\/wp-content\/uploads\/2026\/08\/Kelli_Georg_Pulmafoto_MartenJaanPhotography-58335-edited-2048x2048.jpg 2048w, https:\/\/martenjaanphotography.com\/wp-content\/uploads\/2026\/08\/Kelli_Georg_Pulmafoto_MartenJaanPhotography-58335-edited-12x12.jpg 12w, https:\/\/martenjaanphotography.com\/wp-content\/uploads\/2026\/08\/Kelli_Georg_Pulmafoto_MartenJaanPhotography-58335-edited-600x600.jpg 600w, https:\/\/martenjaanphotography.com\/wp-content\/uploads\/2026\/08\/Kelli_Georg_Pulmafoto_MartenJaanPhotography-58335-edited-100x100.jpg 100w\" sizes=\"auto, (max-width: 1024px) 100vw, 1024px\" \/><\/figure>\n\n\n\n<figure class=\"wp-block-image size-large\"><img loading=\"lazy\" decoding=\"async\" width=\"1024\" height=\"812\" data-id=\"4742\" src=\"https:\/\/martenjaanphotography.com\/wp-content\/uploads\/2026\/08\/MartenjaanPhotography_lemmiklooma-fotograaf-2-1024x812.jpg\" alt=\"\" class=\"wp-image-4742\" srcset=\"https:\/\/martenjaanphotography.com\/wp-content\/uploads\/2026\/08\/MartenjaanPhotography_lemmiklooma-fotograaf-2-1024x812.jpg 1024w, https:\/\/martenjaanphotography.com\/wp-content\/uploads\/2026\/08\/MartenjaanPhotography_lemmiklooma-fotograaf-2-300x238.jpg 300w, https:\/\/martenjaanphotography.com\/wp-content\/uploads\/2026\/08\/MartenjaanPhotography_lemmiklooma-fotograaf-2-768x609.jpg 768w, https:\/\/martenjaanphotography.com\/wp-content\/uploads\/2026\/08\/MartenjaanPhotography_lemmiklooma-fotograaf-2-1536x1219.jpg 1536w, https:\/\/martenjaanphotography.com\/wp-content\/uploads\/2026\/08\/MartenjaanPhotography_lemmiklooma-fotograaf-2-2048x1625.jpg 2048w, https:\/\/martenjaanphotography.com\/wp-content\/uploads\/2026\/08\/MartenjaanPhotography_lemmiklooma-fotograaf-2-15x12.jpg 15w, https:\/\/martenjaanphotography.com\/wp-content\/uploads\/2026\/08\/MartenjaanPhotography_lemmiklooma-fotograaf-2-600x476.jpg 600w\" sizes=\"auto, (max-width: 1024px) 100vw, 1024px\" \/><\/figure>\n\n\n\n<figure class=\"wp-block-image size-large\"><img loading=\"lazy\" decoding=\"async\" width=\"791\" height=\"1024\" data-id=\"3231\" src=\"https:\/\/martenjaanphotography.com\/wp-content\/uploads\/2024\/08\/MJR59519-791x1024.jpg\" alt=\"\" class=\"wp-image-3231\" srcset=\"https:\/\/martenjaanphotography.com\/wp-content\/uploads\/2024\/08\/MJR59519-791x1024.jpg 791w, https:\/\/martenjaanphotography.com\/wp-content\/uploads\/2024\/08\/MJR59519-232x300.jpg 232w, https:\/\/martenjaanphotography.com\/wp-content\/uploads\/2024\/08\/MJR59519-768x995.jpg 768w, https:\/\/martenjaanphotography.com\/wp-content\/uploads\/2024\/08\/MJR59519-1186x1536.jpg 1186w, https:\/\/martenjaanphotography.com\/wp-content\/uploads\/2024\/08\/MJR59519-1581x2048.jpg 1581w, https:\/\/martenjaanphotography.com\/wp-content\/uploads\/2024\/08\/MJR59519-scaled.jpg 1977w\" sizes=\"auto, (max-width: 791px) 100vw, 791px\" \/><\/figure>\n\n\n\n<figure class=\"wp-block-image size-large\"><img loading=\"lazy\" decoding=\"async\" width=\"799\" height=\"1024\" data-id=\"4746\" src=\"https:\/\/martenjaanphotography.com\/wp-content\/uploads\/2026\/08\/MartenjaanPhotography_lemmiklooma-fotograaf-4-799x1024.jpg\" alt=\"\" class=\"wp-image-4746\" srcset=\"https:\/\/martenjaanphotography.com\/wp-content\/uploads\/2026\/08\/MartenjaanPhotography_lemmiklooma-fotograaf-4-799x1024.jpg 799w, https:\/\/martenjaanphotography.com\/wp-content\/uploads\/2026\/08\/MartenjaanPhotography_lemmiklooma-fotograaf-4-234x300.jpg 234w, https:\/\/martenjaanphotography.com\/wp-content\/uploads\/2026\/08\/MartenjaanPhotography_lemmiklooma-fotograaf-4-767x984.jpg 767w, https:\/\/martenjaanphotography.com\/wp-content\/uploads\/2026\/08\/MartenjaanPhotography_lemmiklooma-fotograaf-4-1198x1536.jpg 1198w, https:\/\/martenjaanphotography.com\/wp-content\/uploads\/2026\/08\/MartenjaanPhotography_lemmiklooma-fotograaf-4-1597x2048.jpg 1597w, https:\/\/martenjaanphotography.com\/wp-content\/uploads\/2026\/08\/MartenjaanPhotography_lemmiklooma-fotograaf-4-9x12.jpg 9w, https:\/\/martenjaanphotography.com\/wp-content\/uploads\/2026\/08\/MartenjaanPhotography_lemmiklooma-fotograaf-4-600x769.jpg 600w, https:\/\/martenjaanphotography.com\/wp-content\/uploads\/2026\/08\/MartenjaanPhotography_lemmiklooma-fotograaf-4-scaled.jpg 1996w\" sizes=\"auto, (max-width: 799px) 100vw, 799px\" \/><\/figure>\n\n\n\n<figure class=\"wp-block-image size-large\"><img loading=\"lazy\" decoding=\"async\" width=\"764\" height=\"1024\" data-id=\"4747\" src=\"https:\/\/martenjaanphotography.com\/wp-content\/uploads\/2026\/08\/Martenjaan-Photography-lemmiklooma-fotograaf-6-764x1024.jpg\" alt=\"\" class=\"wp-image-4747\" srcset=\"https:\/\/martenjaanphotography.com\/wp-content\/uploads\/2026\/08\/Martenjaan-Photography-lemmiklooma-fotograaf-6-764x1024.jpg 764w, https:\/\/martenjaanphotography.com\/wp-content\/uploads\/2026\/08\/Martenjaan-Photography-lemmiklooma-fotograaf-6-224x300.jpg 224w, https:\/\/martenjaanphotography.com\/wp-content\/uploads\/2026\/08\/Martenjaan-Photography-lemmiklooma-fotograaf-6-768x1029.jpg 768w, https:\/\/martenjaanphotography.com\/wp-content\/uploads\/2026\/08\/Martenjaan-Photography-lemmiklooma-fotograaf-6-1146x1536.jpg 1146w, https:\/\/martenjaanphotography.com\/wp-content\/uploads\/2026\/08\/Martenjaan-Photography-lemmiklooma-fotograaf-6-9x12.jpg 9w, https:\/\/martenjaanphotography.com\/wp-content\/uploads\/2026\/08\/Martenjaan-Photography-lemmiklooma-fotograaf-6-600x804.jpg 600w, https:\/\/martenjaanphotography.com\/wp-content\/uploads\/2026\/08\/Martenjaan-Photography-lemmiklooma-fotograaf-6.jpg 1528w\" sizes=\"auto, (max-width: 764px) 100vw, 764px\" \/><\/figure>\n\n\n\n<figure class=\"wp-block-image size-large\"><img loading=\"lazy\" decoding=\"async\" width=\"1024\" height=\"997\" data-id=\"4743\" src=\"https:\/\/martenjaanphotography.com\/wp-content\/uploads\/2026\/08\/MartenjaanPhotography_lemmiklooma-fotograaf-5-1024x997.jpg\" alt=\"\" class=\"wp-image-4743\" srcset=\"https:\/\/martenjaanphotography.com\/wp-content\/uploads\/2026\/08\/MartenjaanPhotography_lemmiklooma-fotograaf-5-1024x997.jpg 1024w, https:\/\/martenjaanphotography.com\/wp-content\/uploads\/2026\/08\/MartenjaanPhotography_lemmiklooma-fotograaf-5-300x292.jpg 300w, https:\/\/martenjaanphotography.com\/wp-content\/uploads\/2026\/08\/MartenjaanPhotography_lemmiklooma-fotograaf-5-768x747.jpg 768w, https:\/\/martenjaanphotography.com\/wp-content\/uploads\/2026\/08\/MartenjaanPhotography_lemmiklooma-fotograaf-5-1536x1495.jpg 1536w, https:\/\/martenjaanphotography.com\/wp-content\/uploads\/2026\/08\/MartenjaanPhotography_lemmiklooma-fotograaf-5-12x12.jpg 12w, https:\/\/martenjaanphotography.com\/wp-content\/uploads\/2026\/08\/MartenjaanPhotography_lemmiklooma-fotograaf-5-2048x1993.jpg 2048w, https:\/\/martenjaanphotography.com\/wp-content\/uploads\/2026\/08\/MartenjaanPhotography_lemmiklooma-fotograaf-5-600x584.jpg 600w\" sizes=\"auto, (max-width: 1024px) 100vw, 1024px\" \/><\/figure>\n<\/figure>","protected":false},"excerpt":{"rendered":"<p>J\u00e4in m\u00f5ni aeg tagasi vaatama \u00fchte vanat pildikausta. Seal oli foto minu enda esimesest neljajalgsest s\u00f5brast. Pilt oli veidi udune, tehtud vana telefoniga kuskil p\u00e4ikeselaigus, kui koer oli juba eakas ja tema koon kergelt hallikaks t\u00f5mbunud. Tehnilises m\u00f5ttes polnud see mingi meistriteos, aga minu jaoks on see \u00fcks v\u00e4\u00e4rtuslikumaid pilte maailmas. Koeraomanikena teame me k\u00f5ik [&hellip;]<\/p>\n","protected":false},"author":1,"featured_media":4748,"comment_status":"closed","ping_status":"open","sticky":false,"template":"","format":"standard","meta":{"footnotes":""},"categories":[3],"tags":[51,50,52],"class_list":["post-4741","post","type-post","status-publish","format-standard","has-post-thumbnail","hentry","category-fotograafi-eelised","tag-koerte-fotograaf","tag-lemmiklooma-fotograaf","tag-lemmikloomaga-fotosessioon"],"aioseo_notices":[],"aioseo_head":"\n\t\t<!-- All in One SEO 5.0.1.1 - aioseo.com -->\n\t<meta name=\"description\" content=\"Fotosessioon lemmikloomaga j\u00e4\u00e4dvustab ehedad hetked ja sooja sideme oma parima s\u00f5braga. Loe, miks ei tasu koeraga pildistamist edasi l\u00fckata!\" \/>\n\t<meta name=\"robots\" content=\"max-image-preview:large\" \/>\n\t<meta name=\"author\" content=\"admin\"\/>\n\t<link rel=\"canonical\" href=\"https:\/\/martenjaanphotography.com\/en\/fotosessioon-lemmikloomaga-miks-ei-tasuks-koeraga-pildistamist-tulevikku-lukata\/\" \/>\n\t<meta name=\"generator\" content=\"All in One SEO (AIOSEO) 5.0.1.1\" \/>\n\t\t<meta property=\"og:locale\" content=\"en_US\" \/>\n\t\t<meta property=\"og:site_name\" content=\"Martenjaan Photography \u2013 Portree- ja peresessioonid ning fototeenused ettev\u00f5tetele\" \/>\n\t\t<meta property=\"og:type\" content=\"article\" \/>\n\t\t<meta property=\"og:title\" content=\"Fotosessioon lemmikloomaga: miks ei tasuks koeraga pildistamist tulevikku l\u00fckata? \u2013 Martenjaan Photography\" \/>\n\t\t<meta property=\"og:description\" content=\"Fotosessioon lemmikloomaga j\u00e4\u00e4dvustab ehedad hetked ja sooja sideme oma parima s\u00f5braga. Loe, miks ei tasu koeraga pildistamist edasi l\u00fckata!\" \/>\n\t\t<meta property=\"og:url\" content=\"https:\/\/martenjaanphotography.com\/en\/fotosessioon-lemmikloomaga-miks-ei-tasuks-koeraga-pildistamist-tulevikku-lukata\/\" \/>\n\t\t<meta property=\"og:image\" content=\"https:\/\/martenjaanphotography.com\/wp-content\/uploads\/2026\/08\/Martenjaan-Photography-lemmiklooma-fotograaf-blogipostitus.png\" \/>\n\t\t<meta property=\"og:image:secure_url\" content=\"https:\/\/martenjaanphotography.com\/wp-content\/uploads\/2026\/08\/Martenjaan-Photography-lemmiklooma-fotograaf-blogipostitus.png\" \/>\n\t\t<meta property=\"og:image:width\" content=\"1568\" \/>\n\t\t<meta property=\"og:image:height\" content=\"652\" \/>\n\t\t<meta property=\"article:published_time\" content=\"2026-08-26T13:50:27+00:00\" \/>\n\t\t<meta property=\"article:modified_time\" content=\"2026-08-26T13:55:27+00:00\" \/>\n\t\t<meta name=\"twitter:card\" content=\"summary_large_image\" \/>\n\t\t<meta name=\"twitter:title\" content=\"Fotosessioon lemmikloomaga: miks ei tasuks koeraga pildistamist tulevikku l\u00fckata? \u2013 Martenjaan Photography\" \/>\n\t\t<meta name=\"twitter:description\" content=\"Fotosessioon lemmikloomaga j\u00e4\u00e4dvustab ehedad hetked ja sooja sideme oma parima s\u00f5braga. Loe, miks ei tasu koeraga pildistamist edasi l\u00fckata!\" \/>\n\t\t<meta name=\"twitter:image\" content=\"https:\/\/martenjaanphotography.com\/wp-content\/uploads\/2026\/08\/Martenjaan-Photography-lemmiklooma-fotograaf-blogipostitus.png\" \/>\n\t\t<script type=\"application\/ld+json\" class=\"aioseo-schema\">\n\t\t\t{\"@context\":\"https:\\\/\\\/schema.org\",\"@graph\":[{\"@type\":\"BlogPosting\",\"@id\":\"https:\\\/\\\/martenjaanphotography.com\\\/en\\\/fotosessioon-lemmikloomaga-miks-ei-tasuks-koeraga-pildistamist-tulevikku-lukata\\\/#blogposting\",\"name\":\"Fotosessioon lemmikloomaga: miks ei tasuks koeraga pildistamist tulevikku l\\u00fckata? \\u2013 Martenjaan Photography\",\"headline\":\"Fotosessioon lemmikloomaga: miks ei tasuks koeraga pildistamist tulevikku l\\u00fckata?\",\"author\":{\"@id\":\"https:\\\/\\\/martenjaanphotography.com\\\/en\\\/author\\\/admin\\\/#author\"},\"publisher\":{\"@id\":\"https:\\\/\\\/martenjaanphotography.com\\\/en\\\/#organization\"},\"image\":{\"@type\":\"ImageObject\",\"url\":\"https:\\\/\\\/martenjaanphotography.com\\\/wp-content\\\/uploads\\\/2026\\\/08\\\/Martenjaan-Photography-lemmiklooma-fotograaf-blogipostitus.png\",\"width\":1568,\"height\":652},\"datePublished\":\"2026-08-26T15:50:27+02:00\",\"dateModified\":\"2026-08-26T15:55:27+02:00\",\"inLanguage\":\"en-US\",\"mainEntityOfPage\":{\"@id\":\"https:\\\/\\\/martenjaanphotography.com\\\/en\\\/fotosessioon-lemmikloomaga-miks-ei-tasuks-koeraga-pildistamist-tulevikku-lukata\\\/#webpage\"},\"isPartOf\":{\"@id\":\"https:\\\/\\\/martenjaanphotography.com\\\/en\\\/fotosessioon-lemmikloomaga-miks-ei-tasuks-koeraga-pildistamist-tulevikku-lukata\\\/#webpage\"},\"articleSection\":\"Fotograafi eelised, koerte fotograaf, lemmiklooma fotograaf, lemmikloomaga fotosessioon\"},{\"@type\":\"BreadcrumbList\",\"@id\":\"https:\\\/\\\/martenjaanphotography.com\\\/en\\\/fotosessioon-lemmikloomaga-miks-ei-tasuks-koeraga-pildistamist-tulevikku-lukata\\\/#breadcrumblist\",\"itemListElement\":[{\"@type\":\"ListItem\",\"@id\":\"https:\\\/\\\/martenjaanphotography.com\\\/en#listItem\",\"position\":1,\"name\":\"Home\",\"item\":\"https:\\\/\\\/martenjaanphotography.com\\\/en\",\"nextItem\":{\"@type\":\"ListItem\",\"@id\":\"https:\\\/\\\/martenjaanphotography.com\\\/en\\\/category\\\/fotograafi-eelised\\\/#listItem\",\"name\":\"Fotograafi eelised\"}},{\"@type\":\"ListItem\",\"@id\":\"https:\\\/\\\/martenjaanphotography.com\\\/en\\\/category\\\/fotograafi-eelised\\\/#listItem\",\"position\":2,\"name\":\"Fotograafi eelised\",\"item\":\"https:\\\/\\\/martenjaanphotography.com\\\/en\\\/category\\\/fotograafi-eelised\\\/\",\"nextItem\":{\"@type\":\"ListItem\",\"@id\":\"https:\\\/\\\/martenjaanphotography.com\\\/en\\\/fotosessioon-lemmikloomaga-miks-ei-tasuks-koeraga-pildistamist-tulevikku-lukata\\\/#listItem\",\"name\":\"Fotosessioon lemmikloomaga: miks ei tasuks koeraga pildistamist tulevikku l\\u00fckata?\"},\"previousItem\":{\"@type\":\"ListItem\",\"@id\":\"https:\\\/\\\/martenjaanphotography.com\\\/en#listItem\",\"name\":\"Home\"}},{\"@type\":\"ListItem\",\"@id\":\"https:\\\/\\\/martenjaanphotography.com\\\/en\\\/fotosessioon-lemmikloomaga-miks-ei-tasuks-koeraga-pildistamist-tulevikku-lukata\\\/#listItem\",\"position\":3,\"name\":\"Fotosessioon lemmikloomaga: miks ei tasuks koeraga pildistamist tulevikku l\\u00fckata?\",\"previousItem\":{\"@type\":\"ListItem\",\"@id\":\"https:\\\/\\\/martenjaanphotography.com\\\/en\\\/category\\\/fotograafi-eelised\\\/#listItem\",\"name\":\"Fotograafi eelised\"}}]},{\"@type\":\"Organization\",\"@id\":\"https:\\\/\\\/martenjaanphotography.com\\\/en\\\/#organization\",\"name\":\"Martenjaan Photography\",\"description\":\"Portree- ja peresessioonid ning fototeenused ettev\\u00f5tetele\",\"url\":\"https:\\\/\\\/martenjaanphotography.com\\\/en\\\/\",\"email\":\"info@martenjaanphotography.com\",\"logo\":{\"@type\":\"ImageObject\",\"url\":\"https:\\\/\\\/martenjaanphotography.com\\\/wp-content\\\/uploads\\\/2024\\\/08\\\/cropped-martenjaan-photography-logo_must-01-e1650015510923-1.png\",\"@id\":\"https:\\\/\\\/martenjaanphotography.com\\\/en\\\/fotosessioon-lemmikloomaga-miks-ei-tasuks-koeraga-pildistamist-tulevikku-lukata\\\/#organizationLogo\",\"width\":250,\"height\":59},\"image\":{\"@id\":\"https:\\\/\\\/martenjaanphotography.com\\\/en\\\/fotosessioon-lemmikloomaga-miks-ei-tasuks-koeraga-pildistamist-tulevikku-lukata\\\/#organizationLogo\"}},{\"@type\":\"Person\",\"@id\":\"https:\\\/\\\/martenjaanphotography.com\\\/en\\\/author\\\/admin\\\/#author\",\"url\":\"https:\\\/\\\/martenjaanphotography.com\\\/en\\\/author\\\/admin\\\/\",\"name\":\"admin\",\"image\":{\"@type\":\"ImageObject\",\"@id\":\"https:\\\/\\\/martenjaanphotography.com\\\/en\\\/fotosessioon-lemmikloomaga-miks-ei-tasuks-koeraga-pildistamist-tulevikku-lukata\\\/#authorImage\",\"url\":\"https:\\\/\\\/secure.gravatar.com\\\/avatar\\\/a7294392e0f32165f34e9a6ce2d9392fa6614a50f2795fa5e710b1bdf00268b1?s=96&d=mm&r=g\",\"width\":96,\"height\":96,\"caption\":\"admin\"}},{\"@type\":\"WebPage\",\"@id\":\"https:\\\/\\\/martenjaanphotography.com\\\/en\\\/fotosessioon-lemmikloomaga-miks-ei-tasuks-koeraga-pildistamist-tulevikku-lukata\\\/#webpage\",\"url\":\"https:\\\/\\\/martenjaanphotography.com\\\/en\\\/fotosessioon-lemmikloomaga-miks-ei-tasuks-koeraga-pildistamist-tulevikku-lukata\\\/\",\"name\":\"Fotosessioon lemmikloomaga: miks ei tasuks koeraga pildistamist tulevikku l\\u00fckata? \\u2013 Martenjaan Photography\",\"description\":\"Fotosessioon lemmikloomaga j\\u00e4\\u00e4dvustab ehedad hetked ja sooja sideme oma parima s\\u00f5braga. Loe, miks ei tasu koeraga pildistamist edasi l\\u00fckata!\",\"inLanguage\":\"en-US\",\"isPartOf\":{\"@id\":\"https:\\\/\\\/martenjaanphotography.com\\\/en\\\/#website\"},\"breadcrumb\":{\"@id\":\"https:\\\/\\\/martenjaanphotography.com\\\/en\\\/fotosessioon-lemmikloomaga-miks-ei-tasuks-koeraga-pildistamist-tulevikku-lukata\\\/#breadcrumblist\"},\"author\":{\"@id\":\"https:\\\/\\\/martenjaanphotography.com\\\/en\\\/author\\\/admin\\\/#author\"},\"creator\":{\"@id\":\"https:\\\/\\\/martenjaanphotography.com\\\/en\\\/author\\\/admin\\\/#author\"},\"image\":{\"@type\":\"ImageObject\",\"url\":\"https:\\\/\\\/martenjaanphotography.com\\\/wp-content\\\/uploads\\\/2026\\\/08\\\/Martenjaan-Photography-lemmiklooma-fotograaf-blogipostitus.png\",\"@id\":\"https:\\\/\\\/martenjaanphotography.com\\\/en\\\/fotosessioon-lemmikloomaga-miks-ei-tasuks-koeraga-pildistamist-tulevikku-lukata\\\/#mainImage\",\"width\":1568,\"height\":652},\"primaryImageOfPage\":{\"@id\":\"https:\\\/\\\/martenjaanphotography.com\\\/en\\\/fotosessioon-lemmikloomaga-miks-ei-tasuks-koeraga-pildistamist-tulevikku-lukata\\\/#mainImage\"},\"datePublished\":\"2026-08-26T15:50:27+02:00\",\"dateModified\":\"2026-08-26T15:55:27+02:00\"},{\"@type\":\"WebSite\",\"@id\":\"https:\\\/\\\/martenjaanphotography.com\\\/en\\\/#website\",\"url\":\"https:\\\/\\\/martenjaanphotography.com\\\/en\\\/\",\"name\":\"Martenjaan Photography\",\"description\":\"Portree- ja peresessioonid ning fototeenused ettev\\u00f5tetele\",\"inLanguage\":\"en-US\",\"publisher\":{\"@id\":\"https:\\\/\\\/martenjaanphotography.com\\\/en\\\/#organization\"}}]}\n\t\t<\/script>\n\t\t<!-- All in One SEO -->\n\n","aioseo_head_json":{"title":"Fotosessioon lemmikloomaga: miks ei tasuks koeraga pildistamist tulevikku l\u00fckata? \u2013 Martenjaan Photography","description":"Fotosessioon lemmikloomaga j\u00e4\u00e4dvustab ehedad hetked ja sooja sideme oma parima s\u00f5braga. Loe, miks ei tasu koeraga pildistamist edasi l\u00fckata!","canonical_url":"https:\/\/martenjaanphotography.com\/en\/fotosessioon-lemmikloomaga-miks-ei-tasuks-koeraga-pildistamist-tulevikku-lukata\/","robots":"max-image-preview:large","keywords":"","webmasterTools":{"miscellaneous":""},"schema":{"@context":"https:\/\/schema.org","@graph":[{"@type":"BlogPosting","@id":"https:\/\/martenjaanphotography.com\/en\/fotosessioon-lemmikloomaga-miks-ei-tasuks-koeraga-pildistamist-tulevikku-lukata\/#blogposting","name":"Fotosessioon lemmikloomaga: miks ei tasuks koeraga pildistamist tulevikku l\u00fckata? \u2013 Martenjaan Photography","headline":"Fotosessioon lemmikloomaga: miks ei tasuks koeraga pildistamist tulevikku l\u00fckata?","author":{"@id":"https:\/\/martenjaanphotography.com\/en\/author\/admin\/#author"},"publisher":{"@id":"https:\/\/martenjaanphotography.com\/en\/#organization"},"image":{"@type":"ImageObject","url":"https:\/\/martenjaanphotography.com\/wp-content\/uploads\/2026\/08\/Martenjaan-Photography-lemmiklooma-fotograaf-blogipostitus.png","width":1568,"height":652},"datePublished":"2026-08-26T15:50:27+02:00","dateModified":"2026-08-26T15:55:27+02:00","inLanguage":"en-US","mainEntityOfPage":{"@id":"https:\/\/martenjaanphotography.com\/en\/fotosessioon-lemmikloomaga-miks-ei-tasuks-koeraga-pildistamist-tulevikku-lukata\/#webpage"},"isPartOf":{"@id":"https:\/\/martenjaanphotography.com\/en\/fotosessioon-lemmikloomaga-miks-ei-tasuks-koeraga-pildistamist-tulevikku-lukata\/#webpage"},"articleSection":"Fotograafi eelised, koerte fotograaf, lemmiklooma fotograaf, lemmikloomaga fotosessioon"},{"@type":"BreadcrumbList","@id":"https:\/\/martenjaanphotography.com\/en\/fotosessioon-lemmikloomaga-miks-ei-tasuks-koeraga-pildistamist-tulevikku-lukata\/#breadcrumblist","itemListElement":[{"@type":"ListItem","@id":"https:\/\/martenjaanphotography.com\/en#listItem","position":1,"name":"Home","item":"https:\/\/martenjaanphotography.com\/en","nextItem":{"@type":"ListItem","@id":"https:\/\/martenjaanphotography.com\/en\/category\/fotograafi-eelised\/#listItem","name":"Fotograafi eelised"}},{"@type":"ListItem","@id":"https:\/\/martenjaanphotography.com\/en\/category\/fotograafi-eelised\/#listItem","position":2,"name":"Fotograafi eelised","item":"https:\/\/martenjaanphotography.com\/en\/category\/fotograafi-eelised\/","nextItem":{"@type":"ListItem","@id":"https:\/\/martenjaanphotography.com\/en\/fotosessioon-lemmikloomaga-miks-ei-tasuks-koeraga-pildistamist-tulevikku-lukata\/#listItem","name":"Fotosessioon lemmikloomaga: miks ei tasuks koeraga pildistamist tulevikku l\u00fckata?"},"previousItem":{"@type":"ListItem","@id":"https:\/\/martenjaanphotography.com\/en#listItem","name":"Home"}},{"@type":"ListItem","@id":"https:\/\/martenjaanphotography.com\/en\/fotosessioon-lemmikloomaga-miks-ei-tasuks-koeraga-pildistamist-tulevikku-lukata\/#listItem","position":3,"name":"Fotosessioon lemmikloomaga: miks ei tasuks koeraga pildistamist tulevikku l\u00fckata?","previousItem":{"@type":"ListItem","@id":"https:\/\/martenjaanphotography.com\/en\/category\/fotograafi-eelised\/#listItem","name":"Fotograafi eelised"}}]},{"@type":"Organization","@id":"https:\/\/martenjaanphotography.com\/en\/#organization","name":"Martenjaan Photography","description":"Portree- ja peresessioonid ning fototeenused ettev\u00f5tetele","url":"https:\/\/martenjaanphotography.com\/en\/","email":"info@martenjaanphotography.com","logo":{"@type":"ImageObject","url":"https:\/\/martenjaanphotography.com\/wp-content\/uploads\/2024\/08\/cropped-martenjaan-photography-logo_must-01-e1650015510923-1.png","@id":"https:\/\/martenjaanphotography.com\/en\/fotosessioon-lemmikloomaga-miks-ei-tasuks-koeraga-pildistamist-tulevikku-lukata\/#organizationLogo","width":250,"height":59},"image":{"@id":"https:\/\/martenjaanphotography.com\/en\/fotosessioon-lemmikloomaga-miks-ei-tasuks-koeraga-pildistamist-tulevikku-lukata\/#organizationLogo"}},{"@type":"Person","@id":"https:\/\/martenjaanphotography.com\/en\/author\/admin\/#author","url":"https:\/\/martenjaanphotography.com\/en\/author\/admin\/","name":"admin","image":{"@type":"ImageObject","@id":"https:\/\/martenjaanphotography.com\/en\/fotosessioon-lemmikloomaga-miks-ei-tasuks-koeraga-pildistamist-tulevikku-lukata\/#authorImage","url":"https:\/\/secure.gravatar.com\/avatar\/a7294392e0f32165f34e9a6ce2d9392fa6614a50f2795fa5e710b1bdf00268b1?s=96&d=mm&r=g","width":96,"height":96,"caption":"admin"}},{"@type":"WebPage","@id":"https:\/\/martenjaanphotography.com\/en\/fotosessioon-lemmikloomaga-miks-ei-tasuks-koeraga-pildistamist-tulevikku-lukata\/#webpage","url":"https:\/\/martenjaanphotography.com\/en\/fotosessioon-lemmikloomaga-miks-ei-tasuks-koeraga-pildistamist-tulevikku-lukata\/","name":"Fotosessioon lemmikloomaga: miks ei tasuks koeraga pildistamist tulevikku l\u00fckata? \u2013 Martenjaan Photography","description":"Fotosessioon lemmikloomaga j\u00e4\u00e4dvustab ehedad hetked ja sooja sideme oma parima s\u00f5braga. Loe, miks ei tasu koeraga pildistamist edasi l\u00fckata!","inLanguage":"en-US","isPartOf":{"@id":"https:\/\/martenjaanphotography.com\/en\/#website"},"breadcrumb":{"@id":"https:\/\/martenjaanphotography.com\/en\/fotosessioon-lemmikloomaga-miks-ei-tasuks-koeraga-pildistamist-tulevikku-lukata\/#breadcrumblist"},"author":{"@id":"https:\/\/martenjaanphotography.com\/en\/author\/admin\/#author"},"creator":{"@id":"https:\/\/martenjaanphotography.com\/en\/author\/admin\/#author"},"image":{"@type":"ImageObject","url":"https:\/\/martenjaanphotography.com\/wp-content\/uploads\/2026\/08\/Martenjaan-Photography-lemmiklooma-fotograaf-blogipostitus.png","@id":"https:\/\/martenjaanphotography.com\/en\/fotosessioon-lemmikloomaga-miks-ei-tasuks-koeraga-pildistamist-tulevikku-lukata\/#mainImage","width":1568,"height":652},"primaryImageOfPage":{"@id":"https:\/\/martenjaanphotography.com\/en\/fotosessioon-lemmikloomaga-miks-ei-tasuks-koeraga-pildistamist-tulevikku-lukata\/#mainImage"},"datePublished":"2026-08-26T15:50:27+02:00","dateModified":"2026-08-26T15:55:27+02:00"},{"@type":"WebSite","@id":"https:\/\/martenjaanphotography.com\/en\/#website","url":"https:\/\/martenjaanphotography.com\/en\/","name":"Martenjaan Photography","description":"Portree- ja peresessioonid ning fototeenused ettev\u00f5tetele","inLanguage":"en-US","publisher":{"@id":"https:\/\/martenjaanphotography.com\/en\/#organization"}}]},"og:locale":"en_US","og:site_name":"Martenjaan Photography \u2013 Portree- ja peresessioonid ning fototeenused ettev\u00f5tetele","og:type":"article","og:title":"Fotosessioon lemmikloomaga: miks ei tasuks koeraga pildistamist tulevikku l\u00fckata? \u2013 Martenjaan Photography","og:description":"Fotosessioon lemmikloomaga j\u00e4\u00e4dvustab ehedad hetked ja sooja sideme oma parima s\u00f5braga. Loe, miks ei tasu koeraga pildistamist edasi l\u00fckata!","og:url":"https:\/\/martenjaanphotography.com\/en\/fotosessioon-lemmikloomaga-miks-ei-tasuks-koeraga-pildistamist-tulevikku-lukata\/","og:image":"https:\/\/martenjaanphotography.com\/wp-content\/uploads\/2026\/08\/Martenjaan-Photography-lemmiklooma-fotograaf-blogipostitus.png","og:image:secure_url":"https:\/\/martenjaanphotography.com\/wp-content\/uploads\/2026\/08\/Martenjaan-Photography-lemmiklooma-fotograaf-blogipostitus.png","og:image:width":"1568","og:image:height":"652","article:published_time":"2026-08-26T13:50:27+00:00","article:modified_time":"2026-08-26T13:55:27+00:00","twitter:card":"summary_large_image","twitter:title":"Fotosessioon lemmikloomaga: miks ei tasuks koeraga pildistamist tulevikku l\u00fckata? \u2013 Martenjaan Photography","twitter:description":"Fotosessioon lemmikloomaga j\u00e4\u00e4dvustab ehedad hetked ja sooja sideme oma parima s\u00f5braga. Loe, miks ei tasu koeraga pildistamist edasi l\u00fckata!","twitter:image":"https:\/\/martenjaanphotography.com\/wp-content\/uploads\/2026\/08\/Martenjaan-Photography-lemmiklooma-fotograaf-blogipostitus.png"},"aioseo_meta_data":{"post_id":"4741","title":null,"description":"Fotosessioon lemmikloomaga j\u00e4\u00e4dvustab ehedad hetked ja sooja sideme oma parima s\u00f5braga. Loe, miks ei tasu koeraga pildistamist edasi l\u00fckata!","keywords":null,"keyphrases":{"focus":{"keyphrase":"fotosessioon lemmikloomaga","score":0,"analysis":[]},"additional":[]},"primary_term":null,"canonical_url":null,"og_title":"#post_title #separator_sa #site_title","og_description":"Fotosessioon lemmikloomaga j\u00e4\u00e4dvustab ehedad hetked ja sooja sideme oma parima s\u00f5braga. Loe, miks ei tasu koeraga pildistamist edasi l\u00fckata!","og_object_type":"default","og_image_type":"featured","og_image_url":"https:\/\/martenjaanphotography.com\/wp-content\/uploads\/2026\/08\/Martenjaan-Photography-lemmiklooma-fotograaf-blogipostitus.png","og_image_width":"1568","og_image_height":"652","og_image_custom_url":null,"og_image_custom_fields":null,"og_video":"","og_custom_url":null,"og_article_section":null,"og_article_tags":null,"twitter_use_og":false,"twitter_card":"default","twitter_image_type":"default","twitter_image_url":null,"twitter_image_custom_url":null,"twitter_image_custom_fields":null,"twitter_title":null,"twitter_description":null,"schema":{"blockGraphs":[],"customGraphs":[],"default":{"data":{"Article":[],"Course":[],"Dataset":[],"FAQPage":[],"Movie":[],"Person":[],"Product":[],"ProductReview":[],"Car":[],"Recipe":[],"Service":[],"SoftwareApplication":[],"WebPage":[]},"graphName":"BlogPosting","isEnabled":true},"graphs":[]},"schema_type":"default","schema_type_options":null,"pillar_content":false,"robots_default":true,"robots_noindex":false,"robots_noarchive":false,"robots_nosnippet":false,"robots_nofollow":false,"robots_noimageindex":false,"robots_noodp":false,"robots_notranslate":false,"robots_max_snippet":"-1","robots_max_videopreview":"-1","robots_max_imagepreview":"large","priority":null,"frequency":"default","local_seo":null,"breadcrumb_settings":null,"limit_modified_date":false,"ai":{"faqs":[],"keyPoints":[],"schemas":[],"titles":[],"descriptions":[],"socialPosts":{"email":{"subject":"","preview":"","content":""},"linkedin":[],"twitter":[],"facebook":[],"instagram":[]}},"created":"2026-08-26 13:50:28","updated":"2026-08-26 17:42:23","seo_analyzer_scan_date":null,"focus_keyword":"fotosessioon lemmikloomaga","additional_keywords":null,"truseo_locale":null},"aioseo_breadcrumb":"<div class=\"aioseo-breadcrumbs\"><span class=\"aioseo-breadcrumb\">\n\t\t\t<a href=\"https:\/\/martenjaanphotography.com\/en\" title=\"Home\">Home<\/a>\n\t\t<\/span><span class=\"aioseo-breadcrumb-separator\">&raquo;<\/span><span class=\"aioseo-breadcrumb\">\n\t\t\t<a href=\"https:\/\/martenjaanphotography.com\/en\/category\/fotograafi-eelised\/\" title=\"Fotograafi eelised\">Fotograafi eelised<\/a>\n\t\t<\/span><span class=\"aioseo-breadcrumb-separator\">&raquo;<\/span><span class=\"aioseo-breadcrumb\">\n\t\t\tFotosessioon lemmikloomaga: miks ei tasuks koeraga pildistamist tulevikku l\u00fckata?\n\t\t<\/span><\/div>","aioseo_breadcrumb_json":[{"label":"Home","link":"https:\/\/martenjaanphotography.com\/en"},{"label":"Fotograafi eelised","link":"https:\/\/martenjaanphotography.com\/en\/category\/fotograafi-eelised\/"},{"label":"Fotosessioon lemmikloomaga: miks ei tasuks koeraga pildistamist tulevikku l\u00fckata?","link":"https:\/\/martenjaanphotography.com\/en\/fotosessioon-lemmikloomaga-miks-ei-tasuks-koeraga-pildistamist-tulevikku-lukata\/"}],"_links":{"self":[{"href":"https:\/\/martenjaanphotography.com\/en\/wp-json\/wp\/v2\/posts\/4741","targetHints":{"allow":["GET"]}}],"collection":[{"href":"https:\/\/martenjaanphotography.com\/en\/wp-json\/wp\/v2\/posts"}],"about":[{"href":"https:\/\/martenjaanphotography.com\/en\/wp-json\/wp\/v2\/types\/post"}],"author":[{"embeddable":true,"href":"https:\/\/martenjaanphotography.com\/en\/wp-json\/wp\/v2\/users\/1"}],"replies":[{"embeddable":true,"href":"https:\/\/martenjaanphotography.com\/en\/wp-json\/wp\/v2\/comments?post=4741"}],"version-history":[{"count":3,"href":"https:\/\/martenjaanphotography.com\/en\/wp-json\/wp\/v2\/posts\/4741\/revisions"}],"predecessor-version":[{"id":4751,"href":"https:\/\/martenjaanphotography.com\/en\/wp-json\/wp\/v2\/posts\/4741\/revisions\/4751"}],"wp:featuredmedia":[{"embeddable":true,"href":"https:\/\/martenjaanphotography.com\/en\/wp-json\/wp\/v2\/media\/4748"}],"wp:attachment":[{"href":"https:\/\/martenjaanphotography.com\/en\/wp-json\/wp\/v2\/media?parent=4741"}],"wp:term":[{"taxonomy":"category","embeddable":true,"href":"https:\/\/martenjaanphotography.com\/en\/wp-json\/wp\/v2\/categories?post=4741"},{"taxonomy":"post_tag","embeddable":true,"href":"https:\/\/martenjaanphotography.com\/en\/wp-json\/wp\/v2\/tags?post=4741"}],"curies":[{"name":"wp","href":"https:\/\/api.w.org\/{rel}","templated":true}]}}